{"id":1010,"date":"2026-01-11T07:45:57","date_gmt":"2026-01-11T06:45:57","guid":{"rendered":"http:\/\/www.sportingcanal.com\/?p=1010"},"modified":"2026-01-11T12:54:21","modified_gmt":"2026-01-11T11:54:21","slug":"dyson-um-bom-guarda-redes-com-problemas-de-concentracao","status":"publish","type":"post","link":"https:\/\/www.sportingcanal.com\/?p=1010","title":{"rendered":"Dyson \u2013 Guarda-redes de personalidade forte"},"content":{"rendered":"<p>Artur Dyson dos Santos nasceu a 11 de Janeiro de 1911.\u00a0Come\u00e7ou bem cedo, no Benfica, onde atingiu posi\u00e7\u00e3o de grande destaque chegando inclusivamente \u00e0 1\u00aa internacionaliza\u00e7\u00e3o.\u00a0No defeso de 1931, numa altura em que o 1\u00ba grande guarda-redes do Sporting (Cipriano) come\u00e7ava a acusar alguma veterania, os respons\u00e1veis leoninos foram busc\u00e1-lo aos encarnados.<\/p>\n<p>Estreou-se oficialmente a 10 de Janeiro de 1932 num Sporting-Luso do Barreiro (10-2) a contar para o Campeonato Regional.\u00a0Logo nessa 1\u00aa temporada ao servi\u00e7o do clube ganhou a titularidade na baliza, que teve de dividir na \u00e9poca seguinte com Jos\u00e9 Luiz (um ex-Belenenses) e na posterior com J\u00f3ia (vindo do Nacional da Madeira).\u00a0Em 1934\/35 reconquistou a titularidade para em 1935\/36 (a sua \u00faltima \u00e9poca no clube) a ter de dividir com Azevedo (chegado do Luso do Barreiro).<\/p>\n<p>Era um guarda-redes de categoria com grande elasticidade e reflexos mas confessava grandes problemas de concentra\u00e7\u00e3o. Para al\u00e9m do &#8220;handicap&#8221; de se destrair com facilidade n\u00e3o tinha um feitio f\u00e1cil. Insurgiu-se algumas vezes, sem qualquer tipo de problemas, contra os est\u00e1gios, e tamb\u00e9m convivia muito dificilmente com a concorr\u00eancia para a baliza &#8211; chegou a afirmar que preferia jogar sempre pelas reservas que andar a alternar na equipa principal&#8230; Noutra ocasi\u00e3o agrediu um jornalista (ap\u00f3s um mau resultado) por n\u00e3o gostar da forma como foi interpelado.<\/p>\n<p>Jogou pela \u00faltima vez a 31 de Maio de 1936 no Sporting-Salgueiros (4-0) para o Campeonato de Portugal.<\/p>\n<p>No total esteve 5 temporadas no Sporting onde alinhou em 62 jogos oficiais (sofreu 91 golos) ganhando 2 Campeonatos de Portugal e 3 Campeonatos Regionais de Lisboa. Deixou a imagem de um \u00f3timo guarda-redes, que marcou uma era importante no clube.\u00a0Somou 4 presen\u00e7as na Sele\u00e7\u00e3o Nacional. Mais tarde alinhou no Belenenses.<\/p>\n<p>Para al\u00e9m de jogar Futebol, Dyson tamb\u00e9m praticava Nata\u00e7\u00e3o, conseguindo at\u00e9 algum destaque. Em Agosto de 1933, por exemplo, foi ele o vencedor da prova dos 100 metros livres no Festival Pedrou\u00e7os-Sporting-Belenenses para comemorar o 14\u00ba anivers\u00e1rio do Club Sportivo Pedrou\u00e7os. Mais tarde foi \u00e1rbitro internacional de H\u00f3quei em Patins.<\/p>\n<p>Em 1966 foi alvo duma festa de homenagem no Pavilh\u00e3o dos Desportos em Lisboa, que incluiu encontros de Futebol, Futebol de Sal\u00e3o, H\u00f3quei em Patins e uma demonstra\u00e7\u00e3o de Patinagem Art\u00edstica.<\/p>\n<p>Morreu a 14 de Outubro de 1985.<\/p>\n<div class=\"tweetthis\" style=\"text-align:left;\"><p> <a target=\"_blank\" rel=\"nofollow\" class=\"tt\" href=\"http:\/\/twitter.com\/home\/?status=Dyson+%E2%80%93+Guarda-redes+de+personalidade+forte+https%3A%2F%2Fis.gd%2FgIyhJO\" title=\"Post to Twitter\"><img decoding=\"async\" class=\"nothumb\" src=\"http:\/\/www.sportingcanal.com\/wp-content\/plugins\/tweet-this\/icons\/en\/twitter\/tt-twitter6.png\" alt=\"Post to Twitter\" \/><\/a><\/p><\/div>","protected":false},"excerpt":{"rendered":"<p>Artur Dyson dos Santos nasceu a 11 de Janeiro de 1911.\u00a0Come\u00e7ou bem cedo, no Benfica, onde atingiu posi\u00e7\u00e3o de grande destaque chegando inclusivamente \u00e0 1\u00aa internacionaliza\u00e7\u00e3o.\u00a0No defeso de 1931, numa altura em que o 1\u00ba grande guarda-redes do Sporting (Cipriano) come\u00e7ava a acusar alguma veterania, os respons\u00e1veis leoninos foram busc\u00e1-lo aos encarnados. Estreou-se oficialmente a [&hellip;]<\/p>\n","protected":false},"author":1,"featured_media":6477,"comment_status":"open","ping_status":"open","sticky":false,"template":"","format":"standard","meta":{"_et_pb_use_builder":"","_et_pb_old_content":"","_et_gb_content_width":"","footnotes":""},"categories":[63],"tags":[8,52],"_links":{"self":[{"href":"https:\/\/www.sportingcanal.com\/index.php?rest_route=\/wp\/v2\/posts\/1010"}],"collection":[{"href":"https:\/\/www.sportingcanal.com\/index.php?rest_route=\/wp\/v2\/posts"}],"about":[{"href":"https:\/\/www.sportingcanal.com\/index.php?rest_route=\/wp\/v2\/types\/post"}],"author":[{"embeddable":true,"href":"https:\/\/www.sportingcanal.com\/index.php?rest_route=\/wp\/v2\/users\/1"}],"replies":[{"embeddable":true,"href":"https:\/\/www.sportingcanal.com\/index.php?rest_route=%2Fwp%2Fv2%2Fcomments&post=1010"}],"version-history":[{"count":33,"href":"https:\/\/www.sportingcanal.com\/index.php?rest_route=\/wp\/v2\/posts\/1010\/revisions"}],"predecessor-version":[{"id":39480,"href":"https:\/\/www.sportingcanal.com\/index.php?rest_route=\/wp\/v2\/posts\/1010\/revisions\/39480"}],"wp:featuredmedia":[{"embeddable":true,"href":"https:\/\/www.sportingcanal.com\/index.php?rest_route=\/wp\/v2\/media\/6477"}],"wp:attachment":[{"href":"https:\/\/www.sportingcanal.com\/index.php?rest_route=%2Fwp%2Fv2%2Fmedia&parent=1010"}],"wp:term":[{"taxonomy":"category","embeddable":true,"href":"https:\/\/www.sportingcanal.com\/index.php?rest_route=%2Fwp%2Fv2%2Fcategories&post=1010"},{"taxonomy":"post_tag","embeddable":true,"href":"https:\/\/www.sportingcanal.com\/index.php?rest_route=%2Fwp%2Fv2%2Ftags&post=1010"}],"curies":[{"name":"wp","href":"https:\/\/api.w.org\/{rel}","templated":true}]}}