{"id":1015,"date":"2026-01-09T08:00:24","date_gmt":"2026-01-09T07:00:24","guid":{"rendered":"http:\/\/www.sportingcanal.com\/?p=1015"},"modified":"2026-01-09T16:49:40","modified_gmt":"2026-01-09T15:49:40","slug":"otto-gloria-treinador-vencedor-com-dupla-personalidade","status":"publish","type":"post","link":"https:\/\/www.sportingcanal.com\/?p=1015","title":{"rendered":"Otto Gl\u00f3ria \u2013 Treinador vencedor com \u201cdupla personalidade\u201d"},"content":{"rendered":"<p>Otto Martins Gl\u00f3ria nasceu a 9 de Janeiro de 1917 no Rio de Janeiro.\u00a0Abandonou cedo a pr\u00e1tica do futebol depois de ter passado por clubes como o Vasco da Gama ou o Botafogo e de ter estudado Ci\u00eancias e Direito.<\/p>\n<p>Encetou depois uma longa carreira de treinador, primeiro no Brasil onde conquistou alguns t\u00edtulos e depois em Portugal. Por c\u00e1 come\u00e7ou no Benfica (onde tamb\u00e9m treinava o Basquetebol!), esteve mais tarde no Belenenses e chegou ao Sporting na parte final da temporada 1960\/61 para substituir Alfredo Gonz\u00e1lez. O Campeonato j\u00e1 estava praticamente perdido e na Ta\u00e7a de Portugal tamb\u00e9m n\u00e3o conseguiu ter sucesso. Iniciou a temporada seguinte e logo proferiu a c\u00e9lebre frase \u201cn\u00e3o posso fazer omeletas sem ovos\u201d. Saiu logo a seguir (contestado por adeptos \u2013 que dele diziam ser como uma melancia &#8211; verde por fora e vermelho por dentro &#8211; e pelo pr\u00f3prio Jornal do Sporting) e a verdade \u00e9 que o seu substituto, Juca, conseguiu nessa \u00e9poca o t\u00edtulo nacional com os \u201covos\u201d que teve ao seu disp\u00f4r!<\/p>\n<p>Foi depois para Fran\u00e7a, regressando posteriormente ao Brasil e a seguir a Portugal (para o FC Porto). Em 1965\/66 voltou ao Sporting na parte inicial da temporada (substituindo Anselmo Fern\u00e1ndez) e conseguiu o 12\u00ba t\u00edtulo nacional para o clube (coadjuvado por Juca \u2013 de quem dizia ser \u201co irm\u00e3o mais novo descoberto em Portugal\u201d) numa reta final muito renhida. Surpreendentemente foi dispensado no final da temporada e voltou a dizer algo que ficou para a Hist\u00f3ria: \u201cNo Sporting nunca mais&#8230;\u201d. Assim foi.<\/p>\n<p>Esteve depois ao servi\u00e7o da Sele\u00e7\u00e3o Nacional (no memor\u00e1vel Mundial de 1966), do Atl\u00e9tico de Madrid, Benfica, etc&#8230; Voltou \u00e0 Sele\u00e7\u00e3o em 1982 sem sucesso.<\/p>\n<p>Dele diziam os seus jogadores que era uma esp\u00e9cie de personalidade dupla. Se as coisas estivessem a correr mal entrava no balne\u00e1rio ao intervalo completamente desvairado e amea\u00e7ador (ao bom estilo dum D.Quixote). No entanto, no final dos jogos, mesmo ap\u00f3s as derrotas, nunca culpava os seus (encorajando e confortando-os) e encontrava sempre outras raz\u00f5es para o insucesso (a\u00ed era mais fil\u00f3sofo e &#8220;amigo do peito&#8221;).<\/p>\n<p>O que ningu\u00e9m duvida \u00e9 que foi algu\u00e9m muito importante para o desenvolvimento do futebol portugu\u00eas, um \u201crevolucion\u00e1rio\u201d nos h\u00e1bitos, disciplinador e com grande conhecimento do jogo. N\u00e3o \u00e9 para qualquer um a conquista de 6 Campeonatos Nacionais e 5 Ta\u00e7as de Portugal ao servi\u00e7o de 3 clubes diferentes!<\/p>\n<p>Morreu a 4 de Setembro de 1986.<\/p>\n<table border=\"1\" width=\"459\" cellspacing=\"0\" cellpadding=\"0\">\n<tbody>\n<tr>\n<td colspan=\"9\" valign=\"top\" width=\"459\"><strong>OTTO GL\u00d3RIA como treinador do SPORTING<\/strong><\/td>\n<\/tr>\n<tr>\n<td valign=\"top\" width=\"73\">\u00c9POCA<\/td>\n<td valign=\"top\" width=\"38\">J<\/td>\n<td valign=\"top\" width=\"38\">V<\/td>\n<td valign=\"top\" width=\"38\">E<\/td>\n<td valign=\"top\" width=\"38\">D<\/td>\n<td valign=\"top\" width=\"53\">GM<\/td>\n<td valign=\"top\" width=\"53\">GS<\/td>\n<td valign=\"top\" width=\"53\">%<\/td>\n<td valign=\"top\" width=\"75\">T\u00cdTULOS<\/td>\n<\/tr>\n<tr>\n<td valign=\"top\" width=\"73\">1960\/61<\/td>\n<td valign=\"top\" width=\"38\">11<\/td>\n<td valign=\"top\" width=\"38\">7<\/td>\n<td valign=\"top\" width=\"38\">2<\/td>\n<td valign=\"top\" width=\"38\">2<\/td>\n<td valign=\"top\" width=\"53\">31<\/td>\n<td valign=\"top\" width=\"53\">11<\/td>\n<td valign=\"top\" width=\"53\">72,7%<\/td>\n<td valign=\"top\" width=\"75\"><\/td>\n<\/tr>\n<tr>\n<td valign=\"top\" width=\"73\">1961\/62<\/td>\n<td valign=\"top\" width=\"38\">3<\/td>\n<td valign=\"top\" width=\"38\">0<\/td>\n<td valign=\"top\" width=\"38\">2<\/td>\n<td valign=\"top\" width=\"38\">1<\/td>\n<td valign=\"top\" width=\"53\">1<\/td>\n<td valign=\"top\" width=\"53\">3<\/td>\n<td valign=\"top\" width=\"53\">33,3%<\/td>\n<td valign=\"top\" width=\"75\">CN<\/td>\n<\/tr>\n<tr>\n<td valign=\"top\" width=\"73\">1965\/66<\/td>\n<td valign=\"top\" width=\"38\">37<\/td>\n<td valign=\"top\" width=\"38\">24<\/td>\n<td valign=\"top\" width=\"38\">7<\/td>\n<td valign=\"top\" width=\"38\">6<\/td>\n<td valign=\"top\" width=\"53\">86<\/td>\n<td valign=\"top\" width=\"53\">31<\/td>\n<td valign=\"top\" width=\"53\">74,3%<\/td>\n<td valign=\"top\" width=\"75\">CN<\/td>\n<\/tr>\n<tr>\n<td valign=\"top\" width=\"73\"><strong>Total<\/strong><\/td>\n<td valign=\"top\" width=\"38\"><strong>51<\/strong><\/td>\n<td valign=\"top\" width=\"38\"><strong>31<\/strong><\/td>\n<td valign=\"top\" width=\"38\"><strong>11<\/strong><\/td>\n<td valign=\"top\" width=\"38\"><strong>9<\/strong><\/td>\n<td valign=\"top\" width=\"53\"><strong>118<\/strong><\/td>\n<td valign=\"top\" width=\"53\"><strong>45<\/strong><\/td>\n<td valign=\"top\" width=\"53\"><strong>71,6%<\/strong><\/td>\n<td valign=\"top\" width=\"75\"><strong>2CN<\/strong><\/td>\n<\/tr>\n<\/tbody>\n<\/table>\n<div class=\"tweetthis\" style=\"text-align:left;\"><p> <a target=\"_blank\" rel=\"nofollow\" class=\"tt\" href=\"http:\/\/twitter.com\/home\/?status=Otto+Gl%C3%B3ria+%E2%80%93+Treinador+vencedor+com+%E2%80%9Cdupla+personalidade%E2%80%9D+https%3A%2F%2Fis.gd%2Fi4lCsu\" title=\"Post to Twitter\"><img decoding=\"async\" class=\"nothumb\" src=\"http:\/\/www.sportingcanal.com\/wp-content\/plugins\/tweet-this\/icons\/en\/twitter\/tt-twitter6.png\" alt=\"Post to Twitter\" \/><\/a><\/p><\/div>","protected":false},"excerpt":{"rendered":"<p>Otto Martins Gl\u00f3ria nasceu a 9 de Janeiro de 1917 no Rio de Janeiro.\u00a0Abandonou cedo a pr\u00e1tica do futebol depois de ter passado por clubes como o Vasco da Gama ou o Botafogo e de ter estudado Ci\u00eancias e Direito. Encetou depois uma longa carreira de treinador, primeiro no Brasil onde conquistou alguns t\u00edtulos e [&hellip;]<\/p>\n","protected":false},"author":1,"featured_media":1017,"comment_status":"open","ping_status":"open","sticky":false,"template":"","format":"standard","meta":{"_et_pb_use_builder":"","_et_pb_old_content":"","_et_gb_content_width":"","footnotes":""},"categories":[63],"tags":[8,27],"_links":{"self":[{"href":"https:\/\/www.sportingcanal.com\/index.php?rest_route=\/wp\/v2\/posts\/1015"}],"collection":[{"href":"https:\/\/www.sportingcanal.com\/index.php?rest_route=\/wp\/v2\/posts"}],"about":[{"href":"https:\/\/www.sportingcanal.com\/index.php?rest_route=\/wp\/v2\/types\/post"}],"author":[{"embeddable":true,"href":"https:\/\/www.sportingcanal.com\/index.php?rest_route=\/wp\/v2\/users\/1"}],"replies":[{"embeddable":true,"href":"https:\/\/www.sportingcanal.com\/index.php?rest_route=%2Fwp%2Fv2%2Fcomments&post=1015"}],"version-history":[{"count":26,"href":"https:\/\/www.sportingcanal.com\/index.php?rest_route=\/wp\/v2\/posts\/1015\/revisions"}],"predecessor-version":[{"id":39470,"href":"https:\/\/www.sportingcanal.com\/index.php?rest_route=\/wp\/v2\/posts\/1015\/revisions\/39470"}],"wp:featuredmedia":[{"embeddable":true,"href":"https:\/\/www.sportingcanal.com\/index.php?rest_route=\/wp\/v2\/media\/1017"}],"wp:attachment":[{"href":"https:\/\/www.sportingcanal.com\/index.php?rest_route=%2Fwp%2Fv2%2Fmedia&parent=1015"}],"wp:term":[{"taxonomy":"category","embeddable":true,"href":"https:\/\/www.sportingcanal.com\/index.php?rest_route=%2Fwp%2Fv2%2Fcategories&post=1015"},{"taxonomy":"post_tag","embeddable":true,"href":"https:\/\/www.sportingcanal.com\/index.php?rest_route=%2Fwp%2Fv2%2Ftags&post=1015"}],"curies":[{"name":"wp","href":"https:\/\/api.w.org\/{rel}","templated":true}]}}