{"id":1022,"date":"2026-01-09T08:30:24","date_gmt":"2026-01-09T07:30:24","guid":{"rendered":"http:\/\/www.sportingcanal.com\/?p=1022"},"modified":"2026-01-09T16:49:21","modified_gmt":"2026-01-09T15:49:21","slug":"mario-lino","status":"publish","type":"post","link":"https:\/\/www.sportingcanal.com\/?p=1022","title":{"rendered":"M\u00e1rio Lino"},"content":{"rendered":"<p>M\u00e1rio Goulart Lino nasceu a 9 de Janeiro de 1937\u00a0na Horta &#8211; Ilha do Faial &#8211; A\u00e7ores e no Lusit\u00e2nia local se come\u00e7ou a destacar como futebolista.\u00a0O Sporting foi busc\u00e1-lo na temporada 1958\/59 para fazer concorr\u00eancia no lado direito da sua defesa a Caldeira, e logo na \u00e9poca seguinte M\u00e1rio Lino \u201ctomou conta\u201d do lugar devido \u00e0 sua enorme regularidade e entrega ao jogo. S\u00f3 a partir de 1963\/64 come\u00e7ou a ver o seu posto em causa, primeiro face a Pedro Gomes e depois a Morais.<\/p>\n<p>Estreou-se oficialmente a 14 de Setembro de 1958 num Barreirense-Sporting (0-1). No seu percurso como jogador leonino conseguiu vencer uma Ta\u00e7a das Ta\u00e7as, 2 Campeonatos Nacionais e uma Ta\u00e7a de Portugal ao longo de 9 temporadas, com 184 presen\u00e7as e 6 golos.<\/p>\n<p>Despediu-se a 11 de Dezembro de 1966 num Varzim-Sporting (2-2) para a 10\u00aa jornada do Campeonato Nacional.\u00a0Foi 6 vezes internacional A.<\/p>\n<p>Relativamente jovem resolveu dedicar-se \u00e0 carreira de treinador. Regressou ao Sporting em 1968\/69, substituindo Fernando Caiado no comando t\u00e9cnico da equipa, n\u00e3o alcan\u00e7ando grande notoriedade. Na \u00e9poca seguinte foi adjunto de Fernando Vaz (na equipa campe\u00e3 nacional) a quem substituiu j\u00e1 a \u00e9poca 1971\/72 caminhava para o seu final. No ano seguinte regressou na parte final da temporada, agora para o lugar de Ronnie Allen. Em poucos jogos construiu uma equipa consistente e venceu a Ta\u00e7a de Portugal. Com justi\u00e7a tomou conta da equipa desde o in\u00edcio da temporada seguinte, a gloriosa \u00e9poca de 1973\/74, arquitetando uma equipa de futebol avassalador que marcou 119 golos em 43 jogos (!). Ganhou o Campeonato Nacional, chegou \u00e0s meias-finais da Ta\u00e7a das Ta\u00e7as e venceu a Ta\u00e7a de Portugal (em cuja final a equipa j\u00e1 foi dirigida por Osvaldo Silva devido \u00e0 insatisfa\u00e7\u00e3o de M\u00e1rio Lino face \u00e0 organiza\u00e7\u00e3o interna do clube&#8230;).<\/p>\n<p>Nunca mais Lino dirigiu a principal equipa do Sporting. Passou depois com sucesso por clubes como o Portimonense, o Sporting de Braga e o Boavista, tendo ainda diversas passagens pelo departamento de futebol leonino, tanto ao n\u00edvel dirigente como de treinador (aqui s\u00f3 nos escal\u00f5es mais jovens).<\/p>\n<p>J\u00e1 foi Pr\u00e9mio Stromp e recebeu o trof\u00e9u \u201cRugido de Le\u00e3o\u201d entre v\u00e1rias outras distin\u00e7\u00f5es internas e externas ao clube.<\/p>\n<table border=\"1\" width=\"470\" cellspacing=\"0\" cellpadding=\"0\">\n<tbody>\n<tr>\n<td colspan=\"9\" valign=\"top\" width=\"470\"><strong>M\u00c1RIO LINO como treinador do SPORTING<\/strong><\/td>\n<\/tr>\n<tr>\n<td valign=\"top\" width=\"73\">\u00c9POCA<\/td>\n<td valign=\"top\" width=\"38\">J<\/td>\n<td valign=\"top\" width=\"38\">V<\/td>\n<td valign=\"top\" width=\"38\">E<\/td>\n<td valign=\"top\" width=\"38\">D<\/td>\n<td valign=\"top\" width=\"53\">GM<\/td>\n<td valign=\"top\" width=\"53\">GS<\/td>\n<td valign=\"top\" width=\"53\">%<\/td>\n<td valign=\"top\" width=\"87\">T\u00cdTULOS<\/td>\n<\/tr>\n<tr>\n<td valign=\"top\" width=\"73\">1968\/69<\/td>\n<td valign=\"top\" width=\"38\">10<\/td>\n<td valign=\"top\" width=\"38\">3<\/td>\n<td valign=\"top\" width=\"38\">3<\/td>\n<td valign=\"top\" width=\"38\">4<\/td>\n<td valign=\"top\" width=\"53\">11<\/td>\n<td valign=\"top\" width=\"53\">9<\/td>\n<td valign=\"top\" width=\"53\">45%<\/td>\n<td valign=\"top\" width=\"87\"><\/td>\n<\/tr>\n<tr>\n<td valign=\"top\" width=\"73\">1971\/72<\/td>\n<td valign=\"top\" width=\"38\">17<\/td>\n<td valign=\"top\" width=\"38\">10<\/td>\n<td valign=\"top\" width=\"38\">5<\/td>\n<td valign=\"top\" width=\"38\">2<\/td>\n<td valign=\"top\" width=\"53\">34<\/td>\n<td valign=\"top\" width=\"53\">19<\/td>\n<td valign=\"top\" width=\"53\">73,5%<\/td>\n<td valign=\"top\" width=\"87\"><\/td>\n<\/tr>\n<tr>\n<td valign=\"top\" width=\"73\">1972\/73<\/td>\n<td valign=\"top\" width=\"38\">8<\/td>\n<td valign=\"top\" width=\"38\">6<\/td>\n<td valign=\"top\" width=\"38\">1<\/td>\n<td valign=\"top\" width=\"38\">1<\/td>\n<td valign=\"top\" width=\"53\">14<\/td>\n<td valign=\"top\" width=\"53\">7<\/td>\n<td valign=\"top\" width=\"53\">81,3%<\/td>\n<td valign=\"top\" width=\"87\">TP<\/td>\n<\/tr>\n<tr>\n<td valign=\"top\" width=\"73\">1973\/74<\/td>\n<td valign=\"top\" width=\"38\">42<\/td>\n<td valign=\"top\" width=\"38\">30<\/td>\n<td valign=\"top\" width=\"38\">6<\/td>\n<td valign=\"top\" width=\"38\">6<\/td>\n<td valign=\"top\" width=\"53\">117<\/td>\n<td valign=\"top\" width=\"53\">32<\/td>\n<td valign=\"top\" width=\"53\">78,6%<\/td>\n<td valign=\"top\" width=\"87\">CN \u2013 TP<\/td>\n<\/tr>\n<tr>\n<td valign=\"top\" width=\"73\"><strong>Total<\/strong><\/td>\n<td valign=\"top\" width=\"38\"><strong>77<\/strong><\/td>\n<td valign=\"top\" width=\"38\"><strong>49<\/strong><\/td>\n<td valign=\"top\" width=\"38\"><strong>15<\/strong><\/td>\n<td valign=\"top\" width=\"38\"><strong>13<\/strong><\/td>\n<td valign=\"top\" width=\"53\"><strong>176<\/strong><\/td>\n<td valign=\"top\" width=\"53\"><strong>67<\/strong><\/td>\n<td valign=\"top\" width=\"53\"><strong>73,4%<\/strong><\/td>\n<td valign=\"top\" width=\"87\"><strong>1CN \u2013 2TP<\/strong><\/td>\n<\/tr>\n<\/tbody>\n<\/table>\n<div class=\"tweetthis\" style=\"text-align:left;\"><p> <a target=\"_blank\" rel=\"nofollow\" class=\"tt\" href=\"http:\/\/twitter.com\/home\/?status=M%C3%A1rio+Lino+https%3A%2F%2Fis.gd%2Fg75zTX\" title=\"Post to Twitter\"><img decoding=\"async\" class=\"nothumb\" src=\"http:\/\/www.sportingcanal.com\/wp-content\/plugins\/tweet-this\/icons\/en\/twitter\/tt-twitter6.png\" alt=\"Post to Twitter\" \/><\/a><\/p><\/div>","protected":false},"excerpt":{"rendered":"<p>M\u00e1rio Goulart Lino nasceu a 9 de Janeiro de 1937\u00a0na Horta &#8211; Ilha do Faial &#8211; A\u00e7ores e no Lusit\u00e2nia local se come\u00e7ou a destacar como futebolista.\u00a0O Sporting foi busc\u00e1-lo na temporada 1958\/59 para fazer concorr\u00eancia no lado direito da sua defesa a Caldeira, e logo na \u00e9poca seguinte M\u00e1rio Lino \u201ctomou conta\u201d do lugar [&hellip;]<\/p>\n","protected":false},"author":1,"featured_media":1062,"comment_status":"open","ping_status":"open","sticky":false,"template":"","format":"standard","meta":{"_et_pb_use_builder":"","_et_pb_old_content":"","_et_gb_content_width":"","footnotes":""},"categories":[13],"tags":[65,8,27],"_links":{"self":[{"href":"https:\/\/www.sportingcanal.com\/index.php?rest_route=\/wp\/v2\/posts\/1022"}],"collection":[{"href":"https:\/\/www.sportingcanal.com\/index.php?rest_route=\/wp\/v2\/posts"}],"about":[{"href":"https:\/\/www.sportingcanal.com\/index.php?rest_route=\/wp\/v2\/types\/post"}],"author":[{"embeddable":true,"href":"https:\/\/www.sportingcanal.com\/index.php?rest_route=\/wp\/v2\/users\/1"}],"replies":[{"embeddable":true,"href":"https:\/\/www.sportingcanal.com\/index.php?rest_route=%2Fwp%2Fv2%2Fcomments&post=1022"}],"version-history":[{"count":25,"href":"https:\/\/www.sportingcanal.com\/index.php?rest_route=\/wp\/v2\/posts\/1022\/revisions"}],"predecessor-version":[{"id":39471,"href":"https:\/\/www.sportingcanal.com\/index.php?rest_route=\/wp\/v2\/posts\/1022\/revisions\/39471"}],"wp:featuredmedia":[{"embeddable":true,"href":"https:\/\/www.sportingcanal.com\/index.php?rest_route=\/wp\/v2\/media\/1062"}],"wp:attachment":[{"href":"https:\/\/www.sportingcanal.com\/index.php?rest_route=%2Fwp%2Fv2%2Fmedia&parent=1022"}],"wp:term":[{"taxonomy":"category","embeddable":true,"href":"https:\/\/www.sportingcanal.com\/index.php?rest_route=%2Fwp%2Fv2%2Fcategories&post=1022"},{"taxonomy":"post_tag","embeddable":true,"href":"https:\/\/www.sportingcanal.com\/index.php?rest_route=%2Fwp%2Fv2%2Ftags&post=1022"}],"curies":[{"name":"wp","href":"https:\/\/api.w.org\/{rel}","templated":true}]}}