{"id":1025,"date":"2026-01-09T09:00:00","date_gmt":"2026-01-09T08:00:00","guid":{"rendered":"http:\/\/www.sportingcanal.com\/?p=1025"},"modified":"2026-01-09T16:49:26","modified_gmt":"2026-01-09T15:49:26","slug":"jorge-vieira-e-o-profissionalismo","status":"publish","type":"post","link":"https:\/\/www.sportingcanal.com\/?p=1025","title":{"rendered":"1929 &#8211; Jorge Vieira e o profissionalismo"},"content":{"rendered":"<p>Em in\u00edcios de 1929 Jorge Vieira, capit\u00e3o da categoria de honra do Futebol leonino, percebia como ningu\u00e9m dentro do Sporting a emerg\u00eancia cada vez maior do profissionalismo.\u00a0Pouco a pouco come\u00e7ou a convencer o presidente Joaquim de Oliveira Duarte (grande nadador, campe\u00e3o de P\u00f3lo Aqu\u00e1tico e um homem virado para o futuro) a lan\u00e7ar essa pr\u00e1tica no Futebol do clube, que j\u00e1 come\u00e7ava a ser corrente nos pa\u00edses mais desenvolvidos.\u00a0O presidente cedeu \u00e0 ideia, o que o fez ganhar \u201cinimigos\u201d entre os le\u00f5es mais tradicionalistas que n\u00e3o concebiam outra situa\u00e7\u00e3o que n\u00e3o o mais puro amadorismo.<\/p>\n<p>A Dire\u00e7\u00e3o acabaria por demitir-se, sendo substitu\u00edda por uma Comiss\u00e3o Administrativa formada pelos membros do Conselho Fiscal: Alfredo Torres Pereira, Armando Bastos, Eduardo M\u00e1rio Costa (assumiu a presid\u00eancia), Francisco Quintela e Jos\u00e9 Serrano.\u00a0A verdade \u00e9 que um &#8220;profissionalismo encapotado&#8221; era uma pr\u00e1tica corrente que sofreu uma pausa muito curta mas que voltou a ser evidente pouco tempo depois.<\/p>\n<div class=\"tweetthis\" style=\"text-align:left;\"><p> <a target=\"_blank\" rel=\"nofollow\" class=\"tt\" href=\"http:\/\/twitter.com\/home\/?status=1929+%E2%80%93+Jorge+Vieira+e+o+profissionalismo+https%3A%2F%2Fis.gd%2FioK8Z3\" title=\"Post to Twitter\"><img decoding=\"async\" class=\"nothumb\" src=\"http:\/\/www.sportingcanal.com\/wp-content\/plugins\/tweet-this\/icons\/en\/twitter\/tt-twitter6.png\" alt=\"Post to Twitter\" \/><\/a><\/p><\/div>","protected":false},"excerpt":{"rendered":"<p>Em in\u00edcios de 1929 Jorge Vieira, capit\u00e3o da categoria de honra do Futebol leonino, percebia como ningu\u00e9m dentro do Sporting a emerg\u00eancia cada vez maior do profissionalismo.\u00a0Pouco a pouco come\u00e7ou a convencer o presidente Joaquim de Oliveira Duarte (grande nadador, campe\u00e3o de P\u00f3lo Aqu\u00e1tico e um homem virado para o futuro) a lan\u00e7ar essa pr\u00e1tica [&hellip;]<\/p>\n","protected":false},"author":1,"featured_media":1026,"comment_status":"open","ping_status":"open","sticky":false,"template":"","format":"standard","meta":{"_et_pb_use_builder":"","_et_pb_old_content":"","_et_gb_content_width":"","footnotes":""},"categories":[4],"tags":[8],"_links":{"self":[{"href":"https:\/\/www.sportingcanal.com\/index.php?rest_route=\/wp\/v2\/posts\/1025"}],"collection":[{"href":"https:\/\/www.sportingcanal.com\/index.php?rest_route=\/wp\/v2\/posts"}],"about":[{"href":"https:\/\/www.sportingcanal.com\/index.php?rest_route=\/wp\/v2\/types\/post"}],"author":[{"embeddable":true,"href":"https:\/\/www.sportingcanal.com\/index.php?rest_route=\/wp\/v2\/users\/1"}],"replies":[{"embeddable":true,"href":"https:\/\/www.sportingcanal.com\/index.php?rest_route=%2Fwp%2Fv2%2Fcomments&post=1025"}],"version-history":[{"count":23,"href":"https:\/\/www.sportingcanal.com\/index.php?rest_route=\/wp\/v2\/posts\/1025\/revisions"}],"predecessor-version":[{"id":39472,"href":"https:\/\/www.sportingcanal.com\/index.php?rest_route=\/wp\/v2\/posts\/1025\/revisions\/39472"}],"wp:featuredmedia":[{"embeddable":true,"href":"https:\/\/www.sportingcanal.com\/index.php?rest_route=\/wp\/v2\/media\/1026"}],"wp:attachment":[{"href":"https:\/\/www.sportingcanal.com\/index.php?rest_route=%2Fwp%2Fv2%2Fmedia&parent=1025"}],"wp:term":[{"taxonomy":"category","embeddable":true,"href":"https:\/\/www.sportingcanal.com\/index.php?rest_route=%2Fwp%2Fv2%2Fcategories&post=1025"},{"taxonomy":"post_tag","embeddable":true,"href":"https:\/\/www.sportingcanal.com\/index.php?rest_route=%2Fwp%2Fv2%2Ftags&post=1025"}],"curies":[{"name":"wp","href":"https:\/\/api.w.org\/{rel}","templated":true}]}}