{"id":1087,"date":"2026-01-10T08:30:17","date_gmt":"2026-01-10T07:30:17","guid":{"rendered":"http:\/\/www.sportingcanal.com\/?p=1087"},"modified":"2026-01-10T13:54:35","modified_gmt":"2026-01-10T12:54:35","slug":"quiroga-central-de-classe-prejudicado-pelo-excesso-de-concorrencia","status":"publish","type":"post","link":"https:\/\/www.sportingcanal.com\/?p=1087","title":{"rendered":"Quiroga \u2013 Central tecnicista e polivalente"},"content":{"rendered":"<p>Facundo Hern\u00e1n Quiroga nasceu a 10 de Janeiro de 1978 em San Luis \u2013 Argentina.\u00a0Depois de dar nas vistas no Newell`s Old Boys foi indicado por Mirko Jozic para o Sporting, onde chegou no Ver\u00e3o de 1998.<\/p>\n<p>Defesa central muito jovem, de grande capacidade t\u00e9cnica (a quem alguns acusavam de falta de \u201cnervo\u201d), estreou-se oficialmente de verde e branco a 24 de Agosto de 1998 no Vit\u00f3ria de Set\u00fabal-Sporting (1-1) para a 1\u00aa jornada do Campeonato Nacional. Mostrava muita classe e come\u00e7ava a convencer os adeptos quando, logo na parte inicial da temporada, se lesionou em Bolonha ficando de fora no que restou da \u00e9poca&#8230;<\/p>\n<p>No ano seguinte come\u00e7ou como titular &#8211; ao lado de Beto, mas a chegada de Andr\u00e9 Cruz, em Janeiro, relegou-o para o banco de suplentes. Ainda assim fez 19 jogos contribuindo para o t\u00e3o festejado t\u00edtulo de 2000.<\/p>\n<p>A contrata\u00e7\u00e3o de Phil Babb levou ao seu empr\u00e9stimo para o N\u00e1poles onde deu excelente conta de si em 2000\/01, regressando a Alvalade na \u00e9poca seguinte e contribuindo para a magn\u00edfica temporada leonina com a conquista do Campeonato e da Ta\u00e7a de Portugal. No entanto, os \u201cdonos\u201d do centro da defesa eram Phil Babb e Andr\u00e9 Cruz, pelo que alternou com Beto e C\u00e9sar Prates na titularidade no lado direito. Fez 26 jogos e marcou o seu 1\u00ba golo oficial a 23 de Mar\u00e7o de 2002 num Sporting-Salgueiros (2-0).<\/p>\n<p>Em 2002\/03 foi o sportinguista mais utilizado como defesa-direito o que causava alguma estranheza, pois, na altura, era frequentemente convocado para a sele\u00e7\u00e3o da Argentina onde alinhava no centro da defesa. Em 2003\/04 fez a sua \u00faltima temporada pelo Sporting n\u00e3o sendo presen\u00e7a ass\u00eddua na equipa, mas continuava a ir \u00e0 sele\u00e7\u00e3o das \u201cPampas\u201d.<\/p>\n<p>Jogou pela \u00faltima vez a 9 de Maio de 2004 no Vit\u00f3ria de Guimar\u00e3es-Sporting (0-2) da \u00faltima jornada do Campeonato Nacional.<\/p>\n<p>Totalizou 5 \u00e9pocas, 97 jogos e 2 golos pelo Sporting, ganhando 2 Campeonatos Nacionais, uma Ta\u00e7a de Portugal e uma Superta\u00e7a.<\/p>\n<p>Jogou depois v\u00e1rios anos no Wolfsburgo (da Alemanha) de onde transitou (j\u00e1 em final de carreira) para o River Plate, Hurac\u00e1n e All Boys (onde jogou at\u00e9 2013).<\/p>\n<p>Foi 16 vezes internacional pela Argentina.<\/p>\n<div class=\"tweetthis\" style=\"text-align:left;\"><p> <a target=\"_blank\" rel=\"nofollow\" class=\"tt\" href=\"http:\/\/twitter.com\/home\/?status=Quiroga+%E2%80%93+Central+tecnicista+e+polivalente+https%3A%2F%2Fis.gd%2FNGIY9I\" title=\"Post to Twitter\"><img decoding=\"async\" class=\"nothumb\" src=\"http:\/\/www.sportingcanal.com\/wp-content\/plugins\/tweet-this\/icons\/en\/twitter\/tt-twitter6.png\" alt=\"Post to Twitter\" \/><\/a><\/p><\/div>","protected":false},"excerpt":{"rendered":"<p>Facundo Hern\u00e1n Quiroga nasceu a 10 de Janeiro de 1978 em San Luis \u2013 Argentina.\u00a0Depois de dar nas vistas no Newell`s Old Boys foi indicado por Mirko Jozic para o Sporting, onde chegou no Ver\u00e3o de 1998. Defesa central muito jovem, de grande capacidade t\u00e9cnica (a quem alguns acusavam de falta de \u201cnervo\u201d), estreou-se oficialmente [&hellip;]<\/p>\n","protected":false},"author":1,"featured_media":1088,"comment_status":"open","ping_status":"open","sticky":false,"template":"","format":"standard","meta":{"_et_pb_use_builder":"","_et_pb_old_content":"","_et_gb_content_width":"","footnotes":""},"categories":[63],"tags":[65,8],"_links":{"self":[{"href":"https:\/\/www.sportingcanal.com\/index.php?rest_route=\/wp\/v2\/posts\/1087"}],"collection":[{"href":"https:\/\/www.sportingcanal.com\/index.php?rest_route=\/wp\/v2\/posts"}],"about":[{"href":"https:\/\/www.sportingcanal.com\/index.php?rest_route=\/wp\/v2\/types\/post"}],"author":[{"embeddable":true,"href":"https:\/\/www.sportingcanal.com\/index.php?rest_route=\/wp\/v2\/users\/1"}],"replies":[{"embeddable":true,"href":"https:\/\/www.sportingcanal.com\/index.php?rest_route=%2Fwp%2Fv2%2Fcomments&post=1087"}],"version-history":[{"count":26,"href":"https:\/\/www.sportingcanal.com\/index.php?rest_route=\/wp\/v2\/posts\/1087\/revisions"}],"predecessor-version":[{"id":39475,"href":"https:\/\/www.sportingcanal.com\/index.php?rest_route=\/wp\/v2\/posts\/1087\/revisions\/39475"}],"wp:featuredmedia":[{"embeddable":true,"href":"https:\/\/www.sportingcanal.com\/index.php?rest_route=\/wp\/v2\/media\/1088"}],"wp:attachment":[{"href":"https:\/\/www.sportingcanal.com\/index.php?rest_route=%2Fwp%2Fv2%2Fmedia&parent=1087"}],"wp:term":[{"taxonomy":"category","embeddable":true,"href":"https:\/\/www.sportingcanal.com\/index.php?rest_route=%2Fwp%2Fv2%2Fcategories&post=1087"},{"taxonomy":"post_tag","embeddable":true,"href":"https:\/\/www.sportingcanal.com\/index.php?rest_route=%2Fwp%2Fv2%2Ftags&post=1087"}],"curies":[{"name":"wp","href":"https:\/\/api.w.org\/{rel}","templated":true}]}}