{"id":1097,"date":"2026-01-11T08:00:46","date_gmt":"2026-01-11T07:00:46","guid":{"rendered":"http:\/\/www.sportingcanal.com\/?p=1097"},"modified":"2026-01-11T12:54:26","modified_gmt":"2026-01-11T11:54:26","slug":"tomaz-de-macedo","status":"publish","type":"post","link":"https:\/\/www.sportingcanal.com\/?p=1097","title":{"rendered":"Tomaz de Macedo"},"content":{"rendered":"<p>Tomaz Saraiva de Macedo Faria nasceu a 11 de Janeiro de 1917 em Lisboa.\u00a0Muito jovem come\u00e7ou a praticar desporto no Sporting, passando pelo Andebol de 11, Atletismo e Basquetebol.<\/p>\n<p>Foi no Andebol de 11 que atingiu maior notoriedade. Era um desportista carism\u00e1tico, chamavam-lhe mesmo o \u201c<a href=\"http:\/\/www.sportingcanal.com\/?p=871\">Peyroteo<\/a> do Andebol\u201d devido ao facto de ser terrivelmente eficaz.<\/p>\n<p>Em 1938 j\u00e1 era uma das principais figuras da equipa que conquistou o seu 5\u00ba Campeonato Regional. No ano seguinte marcou 7 dos 9 golos com que o Sporting venceu o Lisg\u00e1s (9-1) sagrando-se, mais uma vez, campe\u00e3o lisboeta.<\/p>\n<p>Outro t\u00edtulo regional aconteceu em 1940, e mais uma vez Tomaz foi o melhor marcador da competi\u00e7\u00e3o, com 30 golos. Nesse mesmo ano foi Campe\u00e3o Nacional de Atletismo no lan\u00e7amento do dardo com 46m31cm.<\/p>\n<p>O seu percurso desportivo sofreu ent\u00e3o um interregno, mas em 1944 voltou a dar nas vistas ao sagrar-se Campe\u00e3o Regional de Atletismo no lan\u00e7amento do dardo com 48m54cm.\u00a0No ano seguinte voltou a estar em foco ao, entre muitos outros, marcar o golo que deu ao Sporting o seu 8\u00ba titulo regional de Andebol de 11.<\/p>\n<p>No final da sua carreira desportiva ter\u00e1 ficado a m\u00e1goa de nunca se ter sagrado Campe\u00e3o de Portugal na sua modalidade de elei\u00e7\u00e3o (o Andebol de 11), mas para a Hist\u00f3ria ficou a sua excelente carreira, bem como no Atletismo &#8211; onde chegou a ser o melhor portugu\u00eas no lan\u00e7amento do dardo.<\/p>\n<p>Curiosamente, ao mesmo tempo que brilhava no Sporting, tornou-se uma famosa vedeta do cinema, para o qual entrou em 1938 estreando-se com \u201cA Rosa do adro\u201d (numa altura em que outros grandes sportinguistas como Ant\u00f3nio Silva ou Vasco Santana faziam parte do meio cinematogr\u00e1fico). At\u00e9 1967 participou num total de 8 filmes que fizeram dele um \u201cgal\u00e3\u201d do nosso audiovisual.<\/p>\n<p>Morreu a 3 de Mar\u00e7o de 1980.<\/p>\n<div class=\"tweetthis\" style=\"text-align:left;\"><p> <a target=\"_blank\" rel=\"nofollow\" class=\"tt\" href=\"http:\/\/twitter.com\/home\/?status=Tomaz+de+Macedo+https%3A%2F%2Fis.gd%2FhdjYon\" title=\"Post to Twitter\"><img decoding=\"async\" class=\"nothumb\" src=\"http:\/\/www.sportingcanal.com\/wp-content\/plugins\/tweet-this\/icons\/en\/twitter\/tt-twitter6.png\" alt=\"Post to Twitter\" \/><\/a><\/p><\/div>","protected":false},"excerpt":{"rendered":"<p>Tomaz Saraiva de Macedo Faria nasceu a 11 de Janeiro de 1917 em Lisboa.\u00a0Muito jovem come\u00e7ou a praticar desporto no Sporting, passando pelo Andebol de 11, Atletismo e Basquetebol. Foi no Andebol de 11 que atingiu maior notoriedade. Era um desportista carism\u00e1tico, chamavam-lhe mesmo o \u201cPeyroteo do Andebol\u201d devido ao facto de ser terrivelmente eficaz. [&hellip;]<\/p>\n","protected":false},"author":1,"featured_media":1099,"comment_status":"open","ping_status":"open","sticky":false,"template":"","format":"standard","meta":{"_et_pb_use_builder":"","_et_pb_old_content":"","_et_gb_content_width":"","footnotes":""},"categories":[13],"tags":[42,21,54],"_links":{"self":[{"href":"https:\/\/www.sportingcanal.com\/index.php?rest_route=\/wp\/v2\/posts\/1097"}],"collection":[{"href":"https:\/\/www.sportingcanal.com\/index.php?rest_route=\/wp\/v2\/posts"}],"about":[{"href":"https:\/\/www.sportingcanal.com\/index.php?rest_route=\/wp\/v2\/types\/post"}],"author":[{"embeddable":true,"href":"https:\/\/www.sportingcanal.com\/index.php?rest_route=\/wp\/v2\/users\/1"}],"replies":[{"embeddable":true,"href":"https:\/\/www.sportingcanal.com\/index.php?rest_route=%2Fwp%2Fv2%2Fcomments&post=1097"}],"version-history":[{"count":28,"href":"https:\/\/www.sportingcanal.com\/index.php?rest_route=\/wp\/v2\/posts\/1097\/revisions"}],"predecessor-version":[{"id":39479,"href":"https:\/\/www.sportingcanal.com\/index.php?rest_route=\/wp\/v2\/posts\/1097\/revisions\/39479"}],"wp:featuredmedia":[{"embeddable":true,"href":"https:\/\/www.sportingcanal.com\/index.php?rest_route=\/wp\/v2\/media\/1099"}],"wp:attachment":[{"href":"https:\/\/www.sportingcanal.com\/index.php?rest_route=%2Fwp%2Fv2%2Fmedia&parent=1097"}],"wp:term":[{"taxonomy":"category","embeddable":true,"href":"https:\/\/www.sportingcanal.com\/index.php?rest_route=%2Fwp%2Fv2%2Fcategories&post=1097"},{"taxonomy":"post_tag","embeddable":true,"href":"https:\/\/www.sportingcanal.com\/index.php?rest_route=%2Fwp%2Fv2%2Ftags&post=1097"}],"curies":[{"name":"wp","href":"https:\/\/api.w.org\/{rel}","templated":true}]}}