{"id":10998,"date":"2025-06-03T08:00:25","date_gmt":"2025-06-03T07:00:25","guid":{"rendered":"http:\/\/www.sportingcanal.com\/?p=10998"},"modified":"2025-06-02T17:17:09","modified_gmt":"2025-06-02T16:17:09","slug":"serra-e-moura","status":"publish","type":"post","link":"https:\/\/www.sportingcanal.com\/?p=10998","title":{"rendered":"Serra e Moura"},"content":{"rendered":"<p>Francisco Jos\u00e9 de Serra Moura foi um grande desportista desde tenra idade. Come\u00e7ou por se notabilizar no Atletismo do Sporting &#8211; como saltador em comprimento (sem nunca, no entanto, conseguir resultados verdadeiramente not\u00e1veis), mas depressa saltou para a equipa de futebol.<\/p>\n<p>Estreou-se oficialmente no mesmo dia de Jos\u00e9 Manuel Martins (outra \u201cestrela\u201d do seu tempo) \u2013 a 2 de Novembro de 1924 no Campo Grande frente ao Belenenses (2-3) para o Campeonato Regional (n\u00e3o jogaria mais nessa \u00e9poca) &#8211; competi\u00e7\u00e3o que os le\u00f5es viriam a vencer.<\/p>\n<p>Na temporada seguinte sim, apareceu \u201ca s\u00e9rio\u201d, realizando todos os jogos da equipa (14) com a camisola 8 (interior-direito). Fez o primeiro dos 5 golos da temporada a 15 de Novembro de 1925, tamb\u00e9m no Campo Grande, perante o Carcavelinhos (5-2).<\/p>\n<p>A partir de 1926\/27 foi adaptado (por Augusto Saboo) a m\u00e9dio-centro, correspondendo com grande classe, e nunca mais de l\u00e1 saiu.<\/p>\n<p>O seu carisma irradiou e fizeram-no \u201ccapit\u00e3o\u201d da equipa de futebol a partir de 1927\/28, posto em que alternava com Jorge Vieira. Nesse ano conquistou o seu 2\u00ba t\u00edtulo regional numa altura em que era absolutamente imprescind\u00edvel na equipa. De referir que, no jogo decisivo para o Regional perante o Benfica (3-0), foi ele que orientou a equipa por desintelig\u00eancias entre a dire\u00e7\u00e3o e o treinador Filipe dos Santos.<\/p>\n<p>Cada vez mais notado pelas suas excelentes capacidades futebol\u00edsticas e humanas, chegou sem surpresa a internacional numa partida contra a Checoslov\u00e1quia, no Lumiar, a 12 de Janeiro de 1930. Portugal ganhou por 1-0, com golo de Pepe (outro homem de destino aziago) sendo de imediato escolhido tamb\u00e9m para \u201ccapit\u00e3o\u201d da Sele\u00e7\u00e3o.<\/p>\n<p>A 2 de Maio do mesmo ano jogou pela \u00faltima vez oficialmente de verde e branco, numa derrota por 4-3 com o Vit\u00f3ria de Set\u00fabal para o Campeonato de Portugal. O \u00faltimo golo marcara-o a 16 de Mar\u00e7o num triunfo por 8-1 frente ao Chelas.<br \/>\nAinda seria convocado para o Portugal-Espanha disputado a 30 de Novembro de 1930 no Porto, mas j\u00e1 n\u00e3o responderia \u00e0 chamada. Sofrera pouco antes uma fort\u00edssima infe\u00e7\u00e3o numa perna. Os antibi\u00f3ticos n\u00e3o a conseguiram vencer e, atacado de septicemia, morreria algumas semanas mais tarde.<\/p>\n<p>Assim, jogou um total de 6 temporadas no Sporting \u2013 de 1924\/25 a 1929\/30. Marcou 8 golos. Conquistou 2 Campeonatos Regionais. Foi 3 vezes internacional por Portugal.<\/p>\n<p>Ficou na mem\u00f3ria como um dos grandes futebolistas do Sporting dos anos 20, e, mais do que isso, um enorme desportista e um homem respeitado por todos.<\/p>\n<div class=\"tweetthis\" style=\"text-align:left;\"><p> <a target=\"_blank\" rel=\"nofollow\" class=\"tt\" href=\"http:\/\/twitter.com\/home\/?status=Serra+e+Moura+https%3A%2F%2Fis.gd%2FiltGg6\" title=\"Post to Twitter\"><img decoding=\"async\" class=\"nothumb\" src=\"http:\/\/www.sportingcanal.com\/wp-content\/plugins\/tweet-this\/icons\/en\/twitter\/tt-twitter6.png\" alt=\"Post to Twitter\" \/><\/a><\/p><\/div>","protected":false},"excerpt":{"rendered":"<p>Francisco Jos\u00e9 de Serra Moura foi um grande desportista desde tenra idade. Come\u00e7ou por se notabilizar no Atletismo do Sporting &#8211; como saltador em comprimento (sem nunca, no entanto, conseguir resultados verdadeiramente not\u00e1veis), mas depressa saltou para a equipa de futebol. Estreou-se oficialmente no mesmo dia de Jos\u00e9 Manuel Martins (outra \u201cestrela\u201d do seu tempo) [&hellip;]<\/p>\n","protected":false},"author":1,"featured_media":37837,"comment_status":"open","ping_status":"open","sticky":false,"template":"","format":"standard","meta":{"_et_pb_use_builder":"","_et_pb_old_content":"","_et_gb_content_width":"","footnotes":""},"categories":[13],"tags":[8,64],"_links":{"self":[{"href":"https:\/\/www.sportingcanal.com\/index.php?rest_route=\/wp\/v2\/posts\/10998"}],"collection":[{"href":"https:\/\/www.sportingcanal.com\/index.php?rest_route=\/wp\/v2\/posts"}],"about":[{"href":"https:\/\/www.sportingcanal.com\/index.php?rest_route=\/wp\/v2\/types\/post"}],"author":[{"embeddable":true,"href":"https:\/\/www.sportingcanal.com\/index.php?rest_route=\/wp\/v2\/users\/1"}],"replies":[{"embeddable":true,"href":"https:\/\/www.sportingcanal.com\/index.php?rest_route=%2Fwp%2Fv2%2Fcomments&post=10998"}],"version-history":[{"count":19,"href":"https:\/\/www.sportingcanal.com\/index.php?rest_route=\/wp\/v2\/posts\/10998\/revisions"}],"predecessor-version":[{"id":37838,"href":"https:\/\/www.sportingcanal.com\/index.php?rest_route=\/wp\/v2\/posts\/10998\/revisions\/37838"}],"wp:featuredmedia":[{"embeddable":true,"href":"https:\/\/www.sportingcanal.com\/index.php?rest_route=\/wp\/v2\/media\/37837"}],"wp:attachment":[{"href":"https:\/\/www.sportingcanal.com\/index.php?rest_route=%2Fwp%2Fv2%2Fmedia&parent=10998"}],"wp:term":[{"taxonomy":"category","embeddable":true,"href":"https:\/\/www.sportingcanal.com\/index.php?rest_route=%2Fwp%2Fv2%2Fcategories&post=10998"},{"taxonomy":"post_tag","embeddable":true,"href":"https:\/\/www.sportingcanal.com\/index.php?rest_route=%2Fwp%2Fv2%2Ftags&post=10998"}],"curies":[{"name":"wp","href":"https:\/\/api.w.org\/{rel}","templated":true}]}}