{"id":1107,"date":"2026-01-13T08:00:31","date_gmt":"2026-01-13T07:00:31","guid":{"rendered":"http:\/\/www.sportingcanal.com\/?p=1107"},"modified":"2026-01-14T12:21:54","modified_gmt":"2026-01-14T11:21:54","slug":"juca","status":"publish","type":"post","link":"https:\/\/www.sportingcanal.com\/?p=1107","title":{"rendered":"Juca"},"content":{"rendered":"<p>J\u00falio Cernadas Pereira nasceu a 13 de Janeiro de 1929\u00a0em Louren\u00e7o Marques.\u00a0Come\u00e7ou a jogar no Sporting local a guarda-redes, mas com a falta de m\u00e9dios na equipa acabou por ser empurrado para esse lugar, de onde nunca mais saiu .<\/p>\n<p>Chegou \u00e0 metr\u00f3pole em 1949 (juntamente com Wilson) e quando assinou contrato com os le\u00f5es disse-se que o Sporting tinha descoberto uma \u201ccabe\u00e7a de ouro\u201d.\u00a0Estreou-se oficialmente (e logo marcando 1 golo) no dia 29 de Janeiro de 1950 num Sporting-Estoril (5-1) para a 15\u00aa jornada do Campeonato Nacional.<\/p>\n<p>Por Alvalade ficou como futebolista durante 9 temporadas (178 presen\u00e7as &#8211; 9 golos marcados) conquistando 5 Campeonatos Nacionais e uma Ta\u00e7a de Portugal. Em 1958\/59 e 1959\/60 ainda fez parte do plantel mas nunca jogou devido a problemas f\u00edsicos,<\/p>\n<p>Nas primeiras \u00e9pocas foi entrando na equipa esporadicamente (o lugar de m\u00e9dio esquerdo ainda \u201cpertencia\u201d a Ver\u00edssimo), mas \u00a0de 1952\/53 a 1955\/56 foi \u201cdono do lugar\u201d. Nas \u00faltimas duas temporadas era habitual suplente do brasileiro Osvaldinho.<\/p>\n<p>A sua \u00faltima presen\u00e7a aconteceu a 5 de Janeiro de 1958 no Sporting-Belenenses (3-2) para o Campeonato.<\/p>\n<p>Como curiosidade refira-se que marcou o 1\u00ba golo no jogo de inaugura\u00e7\u00e3o do Est\u00e1dio Alvalade de 2\u00aa gera\u00e7\u00e3o, a 10 de Junho de 1956, mas na pr\u00f3pria baliza (2-3 frente ao Vasco da Gama).<\/p>\n<p>A 8 de Setembro de 1960 foi homenageado em Alvalade num jogo frente \u00e0 CUF, no qual o Sporting triunfou por 5-0 e em que se estreou o goleador Figueiredo.<\/p>\n<p>Jogou por 6 vezes na Sele\u00e7\u00e3o Nacional.<\/p>\n<p>Pouco depois do abandono como futebolista (cedo, devido a les\u00f5es), Juca (que entretanto passou pelos juniores) substituiu Otto Gl\u00f3ria no comando t\u00e9cnico da equipa do Sporting na parte inicial da temporada 1961\/62, sagrando-se Campe\u00e3o, pelo que se tornou o mais jovem treinador a alcan\u00e7ar tal feito no clube (apenas 33 anos). No ano seguinte conquistou a Ta\u00e7a de Portugal, mas mesmo assim seria substitu\u00eddo pelo brasileiro Gentil Cardoso, regressando aos juniores. Em 1964\/65 voltou a orientar a equipa substituindo Jean Luciano (sem sucesso), mas na \u00e9poca posterior, formando dupla com Otto Gl\u00f3ria, voltou a sagrar-se Campe\u00e3o Nacional (foi respons\u00e1vel m\u00e1ximo apenas num jogo na transi\u00e7\u00e3o entre Anselmo Fern\u00e1ndez e Otto Gl\u00f3ria). No final da \u00e9poca seria de novo, surpreendentemente, substitu\u00eddo&#8230; Em Dezembro de 1974 voltou a Alvalade como adjunto de Fernando Riera, passando a t\u00e9cnico principal em 1975\/76 mas com resultados aqu\u00e9m do esperado.<\/p>\n<p>Como treinador do Sporting \u00e9 o 3\u00ba de sempre (a par de Fernando Vaz) com mais jogos (117) e tamb\u00e9m o 3\u00ba da Hist\u00f3ria leonina com mais vit\u00f3rias (80).<\/p>\n<p>Depois passou por v\u00e1rios clubes, foi selecionador nacional, esteve em Espanha, regressou ao Sporting como diretor t\u00e9cnico e finalmente fixou-se no departamento juvenil leonino.<\/p>\n<p>Morreu em 11 de Outubro de 2007 depois de nos \u00faltimos anos de vida ter passado por v\u00e1rios problemas de sa\u00fade.<\/p>\n<table border=\"1\" width=\"470\" cellspacing=\"0\" cellpadding=\"0\">\n<tbody>\n<tr>\n<td colspan=\"9\" valign=\"top\" width=\"470\"><strong>JUCA como treinador do SPORTING<\/strong><\/td>\n<\/tr>\n<tr>\n<td valign=\"top\" width=\"73\">\u00c9POCA<\/td>\n<td valign=\"top\" width=\"38\">J<\/td>\n<td valign=\"top\" width=\"38\">V<\/td>\n<td valign=\"top\" width=\"38\">E<\/td>\n<td valign=\"top\" width=\"38\">D<\/td>\n<td valign=\"top\" width=\"53\">GM<\/td>\n<td valign=\"top\" width=\"53\">GS<\/td>\n<td valign=\"top\" width=\"53\">%<\/td>\n<td valign=\"top\" width=\"87\">T\u00cdTULOS<\/td>\n<\/tr>\n<tr>\n<td valign=\"top\" width=\"73\">1961\/62<\/td>\n<td valign=\"top\" width=\"38\">35<\/td>\n<td valign=\"top\" width=\"38\">26<\/td>\n<td valign=\"top\" width=\"38\">4<\/td>\n<td valign=\"top\" width=\"38\">5<\/td>\n<td valign=\"top\" width=\"53\">100<\/td>\n<td valign=\"top\" width=\"53\">33<\/td>\n<td valign=\"top\" width=\"53\">80%<\/td>\n<td valign=\"top\" width=\"87\">CN<\/td>\n<\/tr>\n<tr>\n<td valign=\"top\" width=\"73\">1962\/63<\/td>\n<td valign=\"top\" width=\"38\">41<\/td>\n<td valign=\"top\" width=\"38\">31<\/td>\n<td valign=\"top\" width=\"38\">2<\/td>\n<td valign=\"top\" width=\"38\">8<\/td>\n<td valign=\"top\" width=\"53\">124<\/td>\n<td valign=\"top\" width=\"53\">42<\/td>\n<td valign=\"top\" width=\"53\">78,1%<\/td>\n<td valign=\"top\" width=\"87\">TP<\/td>\n<\/tr>\n<tr>\n<td valign=\"top\" width=\"73\">1964\/65<\/td>\n<td valign=\"top\" width=\"38\">2<\/td>\n<td valign=\"top\" width=\"38\">1<\/td>\n<td valign=\"top\" width=\"38\">1<\/td>\n<td valign=\"top\" width=\"38\">0<\/td>\n<td valign=\"top\" width=\"53\">3<\/td>\n<td valign=\"top\" width=\"53\">2<\/td>\n<td valign=\"top\" width=\"53\">75%<\/td>\n<td valign=\"top\" width=\"87\"><\/td>\n<\/tr>\n<tr>\n<td valign=\"top\" width=\"73\">1965\/66<\/td>\n<td valign=\"top\" width=\"38\">1<\/td>\n<td valign=\"top\" width=\"38\">0<\/td>\n<td valign=\"top\" width=\"38\">1<\/td>\n<td valign=\"top\" width=\"38\">0<\/td>\n<td valign=\"top\" width=\"53\">1<\/td>\n<td valign=\"top\" width=\"53\">1<\/td>\n<td valign=\"top\" width=\"53\">50%<\/td>\n<td valign=\"top\" width=\"87\">CN<\/td>\n<\/tr>\n<tr>\n<td valign=\"top\" width=\"73\">1975\/76<\/td>\n<td valign=\"top\" width=\"38\">38<\/td>\n<td valign=\"top\" width=\"38\">22<\/td>\n<td valign=\"top\" width=\"38\">6<\/td>\n<td valign=\"top\" width=\"38\">10<\/td>\n<td valign=\"top\" width=\"53\">70<\/td>\n<td valign=\"top\" width=\"53\">39<\/td>\n<td valign=\"top\" width=\"53\">65,8%<\/td>\n<td valign=\"top\" width=\"87\"><\/td>\n<\/tr>\n<tr>\n<td valign=\"top\" width=\"73\"><strong>Total<\/strong><\/td>\n<td valign=\"top\" width=\"38\"><strong>117<\/strong><\/td>\n<td valign=\"top\" width=\"38\"><strong>80<\/strong><\/td>\n<td valign=\"top\" width=\"38\"><strong>14<\/strong><\/td>\n<td valign=\"top\" width=\"38\"><strong>23<\/strong><\/td>\n<td valign=\"top\" width=\"53\"><strong>298<\/strong><\/td>\n<td valign=\"top\" width=\"53\"><strong>117<\/strong><\/td>\n<td valign=\"top\" width=\"53\"><strong>74,4%<\/strong><\/td>\n<td valign=\"top\" width=\"87\"><strong>2CN \u2013 1TP<\/strong><\/td>\n<\/tr>\n<\/tbody>\n<\/table>\n<div class=\"tweetthis\" style=\"text-align:left;\"><p> <a target=\"_blank\" rel=\"nofollow\" class=\"tt\" href=\"http:\/\/twitter.com\/home\/?status=Juca+https%3A%2F%2Fis.gd%2Fy1BszA\" title=\"Post to Twitter\"><img decoding=\"async\" class=\"nothumb\" src=\"http:\/\/www.sportingcanal.com\/wp-content\/plugins\/tweet-this\/icons\/en\/twitter\/tt-twitter6.png\" alt=\"Post to Twitter\" \/><\/a><\/p><\/div>","protected":false},"excerpt":{"rendered":"<p>J\u00falio Cernadas Pereira nasceu a 13 de Janeiro de 1929\u00a0em Louren\u00e7o Marques.\u00a0Come\u00e7ou a jogar no Sporting local a guarda-redes, mas com a falta de m\u00e9dios na equipa acabou por ser empurrado para esse lugar, de onde nunca mais saiu . Chegou \u00e0 metr\u00f3pole em 1949 (juntamente com Wilson) e quando assinou contrato com os le\u00f5es [&hellip;]<\/p>\n","protected":false},"author":1,"featured_media":1108,"comment_status":"open","ping_status":"open","sticky":false,"template":"","format":"standard","meta":{"_et_pb_use_builder":"","_et_pb_old_content":"","_et_gb_content_width":"","footnotes":""},"categories":[13],"tags":[8,64,27],"_links":{"self":[{"href":"https:\/\/www.sportingcanal.com\/index.php?rest_route=\/wp\/v2\/posts\/1107"}],"collection":[{"href":"https:\/\/www.sportingcanal.com\/index.php?rest_route=\/wp\/v2\/posts"}],"about":[{"href":"https:\/\/www.sportingcanal.com\/index.php?rest_route=\/wp\/v2\/types\/post"}],"author":[{"embeddable":true,"href":"https:\/\/www.sportingcanal.com\/index.php?rest_route=\/wp\/v2\/users\/1"}],"replies":[{"embeddable":true,"href":"https:\/\/www.sportingcanal.com\/index.php?rest_route=%2Fwp%2Fv2%2Fcomments&post=1107"}],"version-history":[{"count":26,"href":"https:\/\/www.sportingcanal.com\/index.php?rest_route=\/wp\/v2\/posts\/1107\/revisions"}],"predecessor-version":[{"id":39486,"href":"https:\/\/www.sportingcanal.com\/index.php?rest_route=\/wp\/v2\/posts\/1107\/revisions\/39486"}],"wp:featuredmedia":[{"embeddable":true,"href":"https:\/\/www.sportingcanal.com\/index.php?rest_route=\/wp\/v2\/media\/1108"}],"wp:attachment":[{"href":"https:\/\/www.sportingcanal.com\/index.php?rest_route=%2Fwp%2Fv2%2Fmedia&parent=1107"}],"wp:term":[{"taxonomy":"category","embeddable":true,"href":"https:\/\/www.sportingcanal.com\/index.php?rest_route=%2Fwp%2Fv2%2Fcategories&post=1107"},{"taxonomy":"post_tag","embeddable":true,"href":"https:\/\/www.sportingcanal.com\/index.php?rest_route=%2Fwp%2Fv2%2Ftags&post=1107"}],"curies":[{"name":"wp","href":"https:\/\/api.w.org\/{rel}","templated":true}]}}