{"id":1110,"date":"2026-01-13T08:30:38","date_gmt":"2026-01-13T07:30:38","guid":{"rendered":"http:\/\/www.sportingcanal.com\/?p=1110"},"modified":"2026-01-14T12:21:58","modified_gmt":"2026-01-14T11:21:58","slug":"alvaro-conde","status":"publish","type":"post","link":"https:\/\/www.sportingcanal.com\/?p=1110","title":{"rendered":"\u00c1lvaro Conde"},"content":{"rendered":"<p>Nasceu a 13 de Janeiro de 1929\u00a0em Pont\u00e9vel &#8211; Cartaxo.\u00a0Chegou muito jovem ao Sporting. Tinha pouco mais de 18 anos quando come\u00e7ou a dar nas vistas ao contribuir para o triunfo coletivo na tradicional estafeta Cascais-Lisboa em 1947.<\/p>\n<p>Verdadeiro atleta de equipa, foi uma pe\u00e7a importante (muitas vezes fundamental) no coletivo do Atletismo sportinguista durante cerca de 15 anos.\u00a0Em termos individuais avultou o facto de se ter sagrado Campe\u00e3o Nacional de Crosse em 1950 e os 3 Campeonatos Nacionais consecutivos dos 10.000 metros que alcan\u00e7ou entre 1959 e 1961. Para al\u00e9m disso obteve v\u00e1rios t\u00edtulos regionais (nos 4X1.500 metros, Crosse, 10.000 metros e 30km) e outros triunfos em diversas provas de corta-mato. Em 1949 bateu o recorde da Hora.<\/p>\n<p>Deu tamb\u00e9m nas vistas nos Jogos Ibero-Americanos de 1960 (3\u00ba na Maratona e 4\u00ba nos 10.000 metros) e 1962 (2\u00ba na Maratona)<\/p>\n<p>No que diz respeito \u00e0 vertente coletiva, ajudou o Sporting a triunfar em diversos Campeonatos Nacionais de pista e de Crosse, para al\u00e9m de outros t\u00edtulos como Regionais de Crosse, de pista e variadas cl\u00e1ssicas (estafetas Cascais-Lisboa, Grande Pr\u00e9mio do Natal, Crosse de Abertura, etc.).<\/p>\n<p>Ap\u00f3s 15 anos de grandes desempenhos teve o seu \u00faltimo resultado mais destacado ao classificar-se em 2\u00ba lugar na Maratona Nacional em Abril de 1964.<\/p>\n<p>Representou por diversas vezes o pa\u00eds em provas internacionais.<\/p>\n<p>Morreu em Novembro de 2004.<\/p>\n<div class=\"tweetthis\" style=\"text-align:left;\"><p> <a target=\"_blank\" rel=\"nofollow\" class=\"tt\" href=\"http:\/\/twitter.com\/home\/?status=%C3%81lvaro+Conde+https%3A%2F%2Fis.gd%2FcErYSN\" title=\"Post to Twitter\"><img decoding=\"async\" class=\"nothumb\" src=\"http:\/\/www.sportingcanal.com\/wp-content\/plugins\/tweet-this\/icons\/en\/twitter\/tt-twitter6.png\" alt=\"Post to Twitter\" \/><\/a><\/p><\/div>","protected":false},"excerpt":{"rendered":"<p>Nasceu a 13 de Janeiro de 1929\u00a0em Pont\u00e9vel &#8211; Cartaxo.\u00a0Chegou muito jovem ao Sporting. Tinha pouco mais de 18 anos quando come\u00e7ou a dar nas vistas ao contribuir para o triunfo coletivo na tradicional estafeta Cascais-Lisboa em 1947. Verdadeiro atleta de equipa, foi uma pe\u00e7a importante (muitas vezes fundamental) no coletivo do Atletismo sportinguista durante [&hellip;]<\/p>\n","protected":false},"author":1,"featured_media":1111,"comment_status":"open","ping_status":"open","sticky":false,"template":"","format":"standard","meta":{"_et_pb_use_builder":"","_et_pb_old_content":"","_et_gb_content_width":"","footnotes":""},"categories":[13],"tags":[21],"_links":{"self":[{"href":"https:\/\/www.sportingcanal.com\/index.php?rest_route=\/wp\/v2\/posts\/1110"}],"collection":[{"href":"https:\/\/www.sportingcanal.com\/index.php?rest_route=\/wp\/v2\/posts"}],"about":[{"href":"https:\/\/www.sportingcanal.com\/index.php?rest_route=\/wp\/v2\/types\/post"}],"author":[{"embeddable":true,"href":"https:\/\/www.sportingcanal.com\/index.php?rest_route=\/wp\/v2\/users\/1"}],"replies":[{"embeddable":true,"href":"https:\/\/www.sportingcanal.com\/index.php?rest_route=%2Fwp%2Fv2%2Fcomments&post=1110"}],"version-history":[{"count":26,"href":"https:\/\/www.sportingcanal.com\/index.php?rest_route=\/wp\/v2\/posts\/1110\/revisions"}],"predecessor-version":[{"id":39494,"href":"https:\/\/www.sportingcanal.com\/index.php?rest_route=\/wp\/v2\/posts\/1110\/revisions\/39494"}],"wp:featuredmedia":[{"embeddable":true,"href":"https:\/\/www.sportingcanal.com\/index.php?rest_route=\/wp\/v2\/media\/1111"}],"wp:attachment":[{"href":"https:\/\/www.sportingcanal.com\/index.php?rest_route=%2Fwp%2Fv2%2Fmedia&parent=1110"}],"wp:term":[{"taxonomy":"category","embeddable":true,"href":"https:\/\/www.sportingcanal.com\/index.php?rest_route=%2Fwp%2Fv2%2Fcategories&post=1110"},{"taxonomy":"post_tag","embeddable":true,"href":"https:\/\/www.sportingcanal.com\/index.php?rest_route=%2Fwp%2Fv2%2Ftags&post=1110"}],"curies":[{"name":"wp","href":"https:\/\/api.w.org\/{rel}","templated":true}]}}