{"id":1122,"date":"2026-01-14T08:30:14","date_gmt":"2026-01-14T07:30:14","guid":{"rendered":"http:\/\/www.sportingcanal.com\/?p=1122"},"modified":"2026-01-14T12:22:40","modified_gmt":"2026-01-14T11:22:40","slug":"alvaro-dias","status":"publish","type":"post","link":"https:\/\/www.sportingcanal.com\/?p=1122","title":{"rendered":"\u00c1lvaro Dias"},"content":{"rendered":"<p>Nasceu a 14 de Janeiro de 1923 em Coimbra.\u00a0Foi levado para o Sporting pelos magn\u00edficos atletas Jos\u00e9 Garnel e Ars\u00e9nio Soares.\u00a0Chegou ao Atletismo por mero acaso pois jogava futebol no Carcavelos (ap\u00f3s ter alinhado na Naval da Figueira da Foz). As suas qualidades fizeram-no ir treinar ao Sporting, e no intervalo dum treino chegou junto de alguns elementos da equipa de Atletismo e pediu para saltar. Logo surpreendeu todos e quase de imediato mudou de modalidade!<\/p>\n<p>No Atletismo n\u00e3o conheceu outra camisola que n\u00e3o fosse a verde e branca.\u00a0Dedicado, humilde, leal companheiro, respeitado e querido entre todos, camaradas de equipa e advers\u00e1rios, \u00c1lvaro Dias era considerado o verdadeiro modelo de atleta. Para al\u00e9m das in\u00fameras qualidades humanas chegou a um patamar elevado no salto em comprimento, onde foi um dos atletas mais representativos a n\u00edvel nacional de todos os tempos. Ali\u00e1s, foi ele o 1\u00ba atleta de categoria internacional a ser treinado por M\u00e1rio Moniz Pereira.<\/p>\n<p>Conquistou o seu 1\u00ba Campeonato Nacional a 4 de Setembro de 1943 com 6m30cm. O seu 1\u00ba recorde de Portugal foi de 6m89cm, mas j\u00e1 nos Nacionais de 1944 estabeleceu novo m\u00e1ximo com 6m95cm.\u00a0Na 3\u00aa vit\u00f3ria nos Nacionais, em 1945, novo recorde &#8211; agora com 7m09cm (foi o primeiro portugu\u00eas a passar dos 7 metros). A 6 de Setembro de 1947 conseguiu saltar 7m34cm, atingindo o seu m\u00e1ximo de sempre.<\/p>\n<p>Representou Portugal em variadas provas, mas o ponto alto da sua carreira internacional verificou-se nos Campeonatos da Europa de 1950 em Bruxelas, onde foi 4\u00ba classificado, ele que vivia na Figueira da Foz e que se treinava muitas vezes por&#8230; correspond\u00eancia! Nesse mesmo ano foi considerado atleta do ano pelo jornal &#8220;Di\u00e1rio Popular&#8221;.<\/p>\n<p>De 1943 a 1951 venceu 9 Campeonatos Nacionais consecutivos! Em 1952 o Sporting n\u00e3o participou, retomando as conquistas em 1953, naquela que foi a sua 10\u00aa e \u00faltima vit\u00f3ria.\u00a0Para al\u00e9m da dezena de t\u00edtulos nacionais no Salto em Comprimento, foi ainda por duas vezes campe\u00e3o nacional de 4X100 metros e uma vez de 4X400 metros.<\/p>\n<p>Curiosamente, entre Atletismo e Futebol, \u00c1lvaro Dias preferia o segundo, e em Mo\u00e7ambique ajudou a fundar a Associa\u00e7\u00e3o Desportiva do Limpopo onde como treinador de jovens teve \u00eaxitos importantes. Paralelamente continuou ligado ao Atletismo tendo tirado um curso de monitor.<\/p>\n<p>Numa entrevista, no in\u00edcio dos anos 80, afirmou: &#8220;No desporto atual houve uma evolu\u00e7\u00e3o bastante grande, n\u00e3o s\u00f3 provocada pelo aparecimento da alta competi\u00e7\u00e3o mas tamb\u00e9m pela pr\u00f3pria evolu\u00e7\u00e3o do material utilizado, equipamentos, pistas, etc. Tenho pena de n\u00e3o poder competir agora, mas\u2026\u201d<\/p>\n<p>Morreu a 24 de Fevereiro de 2005.<\/p>\n<div class=\"tweetthis\" style=\"text-align:left;\"><p> <a target=\"_blank\" rel=\"nofollow\" class=\"tt\" href=\"http:\/\/twitter.com\/home\/?status=%C3%81lvaro+Dias+https%3A%2F%2Fis.gd%2F2A4Ucp\" title=\"Post to Twitter\"><img decoding=\"async\" class=\"nothumb\" src=\"http:\/\/www.sportingcanal.com\/wp-content\/plugins\/tweet-this\/icons\/en\/twitter\/tt-twitter6.png\" alt=\"Post to Twitter\" \/><\/a><\/p><\/div>","protected":false},"excerpt":{"rendered":"<p>Nasceu a 14 de Janeiro de 1923 em Coimbra.\u00a0Foi levado para o Sporting pelos magn\u00edficos atletas Jos\u00e9 Garnel e Ars\u00e9nio Soares.\u00a0Chegou ao Atletismo por mero acaso pois jogava futebol no Carcavelos (ap\u00f3s ter alinhado na Naval da Figueira da Foz). As suas qualidades fizeram-no ir treinar ao Sporting, e no intervalo dum treino chegou junto [&hellip;]<\/p>\n","protected":false},"author":1,"featured_media":1123,"comment_status":"open","ping_status":"open","sticky":false,"template":"","format":"standard","meta":{"_et_pb_use_builder":"","_et_pb_old_content":"","_et_gb_content_width":"","footnotes":""},"categories":[13],"tags":[21],"_links":{"self":[{"href":"https:\/\/www.sportingcanal.com\/index.php?rest_route=\/wp\/v2\/posts\/1122"}],"collection":[{"href":"https:\/\/www.sportingcanal.com\/index.php?rest_route=\/wp\/v2\/posts"}],"about":[{"href":"https:\/\/www.sportingcanal.com\/index.php?rest_route=\/wp\/v2\/types\/post"}],"author":[{"embeddable":true,"href":"https:\/\/www.sportingcanal.com\/index.php?rest_route=\/wp\/v2\/users\/1"}],"replies":[{"embeddable":true,"href":"https:\/\/www.sportingcanal.com\/index.php?rest_route=%2Fwp%2Fv2%2Fcomments&post=1122"}],"version-history":[{"count":29,"href":"https:\/\/www.sportingcanal.com\/index.php?rest_route=\/wp\/v2\/posts\/1122\/revisions"}],"predecessor-version":[{"id":39510,"href":"https:\/\/www.sportingcanal.com\/index.php?rest_route=\/wp\/v2\/posts\/1122\/revisions\/39510"}],"wp:featuredmedia":[{"embeddable":true,"href":"https:\/\/www.sportingcanal.com\/index.php?rest_route=\/wp\/v2\/media\/1123"}],"wp:attachment":[{"href":"https:\/\/www.sportingcanal.com\/index.php?rest_route=%2Fwp%2Fv2%2Fmedia&parent=1122"}],"wp:term":[{"taxonomy":"category","embeddable":true,"href":"https:\/\/www.sportingcanal.com\/index.php?rest_route=%2Fwp%2Fv2%2Fcategories&post=1122"},{"taxonomy":"post_tag","embeddable":true,"href":"https:\/\/www.sportingcanal.com\/index.php?rest_route=%2Fwp%2Fv2%2Ftags&post=1122"}],"curies":[{"name":"wp","href":"https:\/\/api.w.org\/{rel}","templated":true}]}}