{"id":1133,"date":"2026-01-14T09:00:52","date_gmt":"2026-01-14T08:00:52","guid":{"rendered":"http:\/\/www.sportingcanal.com\/?p=1133"},"modified":"2026-01-14T12:22:44","modified_gmt":"2026-01-14T11:22:44","slug":"rui-bento-um-relogio-tactico","status":"publish","type":"post","link":"https:\/\/www.sportingcanal.com\/?p=1133","title":{"rendered":"Rui Bento \u2013 Um \u201crel\u00f3gio\u201d t\u00e1tico"},"content":{"rendered":"<p>Rui Fernando Silva Calapez Bento nasceu a 14 de Janeiro de 1972\u00a0em Silves.\u00a0Foi no clube da sua terra que se iniciou na pr\u00e1tica do Futebol, passando ainda como juvenil para o Benfica. Depois de ganhar o Mundial de sub-20 por Portugal (1991) chegou aos seniores dos encarnados onde permaneceu apenas uma temporada transitando para o Boavista.<\/p>\n<p>Considerado um l\u00edbero de grande categoria, foi sendo pouco a pouco mais utilizado como m\u00e9dio defensivo e a\u00ed exponenciou todas as suas capacidades. Pelos boavisteiros consolidou o seu potencial e foi como campe\u00e3o (no \u00fanico t\u00edtulo dos axadrezados) que chegou ao Sporting no Ver\u00e3o de 2001.<\/p>\n<p>Estreou-se pelos le\u00f5es logo no 1\u00ba jogo oficial da temporada frente ao FC Porto (1-0). Fez um dupla de sucesso com Paulo Bento no \u201cmiolo\u201d do terreno, que proporcionava aos mais dotados tecnicamente (como Pedro Barbosa, Jo\u00e3o Pinto ou Quaresma) jogarem sem grandes preocupa\u00e7\u00f5es defensivas. Realizou 33 jogos oficiais e ajudou a ganhar o Campeonato e a Ta\u00e7a.<\/p>\n<p>N\u00e3o sendo jogador para &#8220;grandes correrias&#8221;, destacava-se pelo rigor t\u00e1tico que emprestava ao jogo, aliado a um bom posicionamento e razo\u00e1vel capacidade t\u00e9cnica.\u00a0O momento mais curioso da sua 1\u00aa \u00e9poca em Alvalade foi o \u201cgola\u00e7o\u201d que marcou na final da Ta\u00e7a frente ao Leix\u00f5es que a equipa de arbitragem (chefiada por Oleg\u00e1rio Benqueren\u00e7a) n\u00e3o considerou por n\u00e3o se aperceber que a bola tinha ultrapassado (e f\u00ea-lo claramente) a linha de golo.<\/p>\n<p>A temporada seguinte n\u00e3o foi t\u00e3o feliz, mas Laszlo B\u00f6l\u00f6ni raramente abdicou do rigor t\u00e1tico de Rui Bento. Voltou a realizar 33 jogos e apontou o seu \u00fanico golo em todo o percurso no Sporting a 24 de Fevereiro de 2003 em Moreira de C\u00f4negos (2-1), por sinal um gol\u00e3o (bem parecido com o n\u00e3o considerado na referida final da Ta\u00e7a) que valeu um triunfo dif\u00edcil.<\/p>\n<p>2003\/04 foi a sua \u00faltima \u00e9poca no Sporting. Fernando Santos utilizou-o muito pouco preferindo Cust\u00f3dio (a revela\u00e7\u00e3o da \u00e9poca), Rochemback ou Tinga (novos recrutas). Jogou pela \u00faltima vez no Bessa (1-2) a 17 de Abril de 2004.<\/p>\n<p>No total esteve 3 \u00e9pocas em Alvalade realizando 71 jogos e marcando 1 golo. Ganhou 1 Campeonato Nacional, uma Ta\u00e7a de Portugal e uma Superta\u00e7a.<\/p>\n<p>No ano seguinte passou pelo Acad\u00e9mico de Viseu onde iniciou a carreira de treinador. Depois esteve no Barreirense, Penafiel e Boavista at\u00e9 chegar \u00e0s sele\u00e7\u00f5es jovens da Federa\u00e7\u00e3o Portuguesa de Futebol. Mais tarde esteve no Beira-Mar (at\u00e9 2001\/12) para embarcar depois numa aventura nos sub-23 Al-Ahli Jeddah (Ar\u00e1bia Saudita).<\/p>\n<p>Foi 6 vezes internacional A.<\/p>\n<div class=\"tweetthis\" style=\"text-align:left;\"><p> <a target=\"_blank\" rel=\"nofollow\" class=\"tt\" href=\"http:\/\/twitter.com\/home\/?status=Rui+Bento+%E2%80%93+Um+%E2%80%9Crel%C3%B3gio%E2%80%9D+t%C3%A1tico+https%3A%2F%2Fis.gd%2F5DYnDM\" title=\"Post to Twitter\"><img decoding=\"async\" class=\"nothumb\" src=\"http:\/\/www.sportingcanal.com\/wp-content\/plugins\/tweet-this\/icons\/en\/twitter\/tt-twitter6.png\" alt=\"Post to Twitter\" \/><\/a><\/p><\/div>","protected":false},"excerpt":{"rendered":"<p>Rui Fernando Silva Calapez Bento nasceu a 14 de Janeiro de 1972\u00a0em Silves.\u00a0Foi no clube da sua terra que se iniciou na pr\u00e1tica do Futebol, passando ainda como juvenil para o Benfica. Depois de ganhar o Mundial de sub-20 por Portugal (1991) chegou aos seniores dos encarnados onde permaneceu apenas uma temporada transitando para o [&hellip;]<\/p>\n","protected":false},"author":1,"featured_media":1134,"comment_status":"open","ping_status":"open","sticky":false,"template":"","format":"standard","meta":{"_et_pb_use_builder":"","_et_pb_old_content":"","_et_gb_content_width":"","footnotes":""},"categories":[63],"tags":[8,64],"_links":{"self":[{"href":"https:\/\/www.sportingcanal.com\/index.php?rest_route=\/wp\/v2\/posts\/1133"}],"collection":[{"href":"https:\/\/www.sportingcanal.com\/index.php?rest_route=\/wp\/v2\/posts"}],"about":[{"href":"https:\/\/www.sportingcanal.com\/index.php?rest_route=\/wp\/v2\/types\/post"}],"author":[{"embeddable":true,"href":"https:\/\/www.sportingcanal.com\/index.php?rest_route=\/wp\/v2\/users\/1"}],"replies":[{"embeddable":true,"href":"https:\/\/www.sportingcanal.com\/index.php?rest_route=%2Fwp%2Fv2%2Fcomments&post=1133"}],"version-history":[{"count":25,"href":"https:\/\/www.sportingcanal.com\/index.php?rest_route=\/wp\/v2\/posts\/1133\/revisions"}],"predecessor-version":[{"id":39503,"href":"https:\/\/www.sportingcanal.com\/index.php?rest_route=\/wp\/v2\/posts\/1133\/revisions\/39503"}],"wp:featuredmedia":[{"embeddable":true,"href":"https:\/\/www.sportingcanal.com\/index.php?rest_route=\/wp\/v2\/media\/1134"}],"wp:attachment":[{"href":"https:\/\/www.sportingcanal.com\/index.php?rest_route=%2Fwp%2Fv2%2Fmedia&parent=1133"}],"wp:term":[{"taxonomy":"category","embeddable":true,"href":"https:\/\/www.sportingcanal.com\/index.php?rest_route=%2Fwp%2Fv2%2Fcategories&post=1133"},{"taxonomy":"post_tag","embeddable":true,"href":"https:\/\/www.sportingcanal.com\/index.php?rest_route=%2Fwp%2Fv2%2Ftags&post=1133"}],"curies":[{"name":"wp","href":"https:\/\/api.w.org\/{rel}","templated":true}]}}