{"id":11344,"date":"2025-09-11T08:30:57","date_gmt":"2025-09-11T07:30:57","guid":{"rendered":"http:\/\/www.sportingcanal.com\/?p=11344"},"modified":"2025-09-11T11:43:47","modified_gmt":"2025-09-11T10:43:47","slug":"vaz-sobrio-e-corajoso","status":"publish","type":"post","link":"https:\/\/www.sportingcanal.com\/?p=11344","title":{"rendered":"Vaz \u2013 S\u00f3brio e corajoso"},"content":{"rendered":"<p>Ant\u00f3nio Lopes Vaz nasceu a 11 de Setembro de 1945 em Penalva do Castelo. Depois de se destacar no clube local chegou ao FC Porto em 1968 e por l\u00e1 permaneceu 3 \u00e9pocas. Em 1970 transferiu-se para o Vit\u00f3ria de Set\u00fabal onde viveu excelentes momentos numa equipa sadina de grande categoria. Ap\u00f3s 8 anos de Vit\u00f3ria esteve 1 no Acad\u00e9mico de Viseu, acenando-lhe ent\u00e3o Jo\u00e3o Rocha com uma inesperada proposta de Alvalade.<\/p>\n<p>Chegou ao Sporting (ao mesmo tempo do seu grande concorrente \u2013 Fidalgo, que veio do Benfica) numa altura em que j\u00e1 era considerado um veterano (quase 34 anos) no defeso de 1979. O presidente leonino decidiu contratar 2 guarda-redes experientes ap\u00f3s a sa\u00edda de Botelho para o Benfica.<\/p>\n<p>Estreou-se oficialmente (com o treinador Rodrigues Dias e simultaneamente a M\u00e1rio Jorge) em 12 de Setembro de 1979 num jogo em atraso da 1\u00aa jornada frente ao Estoril (2-0). Ainda numa fase inicial da temporada Rodrigues Dias foi substitu\u00eddo por Fernando Mendes, mas Vaz e Fidalgo (prejudicado por les\u00f5es) continuaram a alternar na baliza, a ponto do primeiro ter totalizado 16 presen\u00e7as e o segundo 15 nesse Campeonato que o Sporting venceu brilhantemente.<\/p>\n<p>Na \u00e9poca seguinte foi claramente o guardi\u00e3o titular (Fidalgo lesionou-se gravemente logo no in\u00edcio), mas uma derrota (a 24 de Maio de 1981) na Amora por 3-0 (!) ap\u00f3s a qual andaram \u201cmosquito por cordas\u201d em Alvalade precipitou a sua sa\u00edda (era Srecko Radisic quem treinava o clube na altura). E foi precisamente para o Amora que o at\u00e9 a\u00ed guardi\u00e3o sportinguista se transferiu no final da temporada.<\/p>\n<p>Em duas \u00e9pocas totalizou 50 jogos oficiais realizados e 43 golos sofridos, n\u00fameros que fazem dele o 10\u00ba guarda-redes mais eficaz de sempre no futebol leonino. \u00a0Ganhou 1 Campeonato Nacional. N\u00e3o foi um guarda-redes particularmente elegante ou com um grande estilo, mas era s\u00f3brio, corajoso e abnegado.<\/p>\n<p>Depois de 1 ano na Medideira jogou outro no Com\u00e9rcio e Ind\u00fastria e terminou a carreira em 1983.<\/p>\n<p>Morreu a 2 de Agosto de 2025.<\/p>\n<div class=\"tweetthis\" style=\"text-align:left;\"><p> <a target=\"_blank\" rel=\"nofollow\" class=\"tt\" href=\"http:\/\/twitter.com\/home\/?status=Vaz+%E2%80%93+S%C3%B3brio+e+corajoso+https%3A%2F%2Fis.gd%2FYVyZ7F\" title=\"Post to Twitter\"><img decoding=\"async\" class=\"nothumb\" src=\"http:\/\/www.sportingcanal.com\/wp-content\/plugins\/tweet-this\/icons\/en\/twitter\/tt-twitter6.png\" alt=\"Post to Twitter\" \/><\/a><\/p><\/div>","protected":false},"excerpt":{"rendered":"<p>Ant\u00f3nio Lopes Vaz nasceu a 11 de Setembro de 1945 em Penalva do Castelo. Depois de se destacar no clube local chegou ao FC Porto em 1968 e por l\u00e1 permaneceu 3 \u00e9pocas. Em 1970 transferiu-se para o Vit\u00f3ria de Set\u00fabal onde viveu excelentes momentos numa equipa sadina de grande categoria. Ap\u00f3s 8 anos de [&hellip;]<\/p>\n","protected":false},"author":1,"featured_media":38753,"comment_status":"open","ping_status":"open","sticky":false,"template":"","format":"standard","meta":{"_et_pb_use_builder":"","_et_pb_old_content":"","_et_gb_content_width":"","footnotes":""},"categories":[63],"tags":[8,52],"_links":{"self":[{"href":"https:\/\/www.sportingcanal.com\/index.php?rest_route=\/wp\/v2\/posts\/11344"}],"collection":[{"href":"https:\/\/www.sportingcanal.com\/index.php?rest_route=\/wp\/v2\/posts"}],"about":[{"href":"https:\/\/www.sportingcanal.com\/index.php?rest_route=\/wp\/v2\/types\/post"}],"author":[{"embeddable":true,"href":"https:\/\/www.sportingcanal.com\/index.php?rest_route=\/wp\/v2\/users\/1"}],"replies":[{"embeddable":true,"href":"https:\/\/www.sportingcanal.com\/index.php?rest_route=%2Fwp%2Fv2%2Fcomments&post=11344"}],"version-history":[{"count":20,"href":"https:\/\/www.sportingcanal.com\/index.php?rest_route=\/wp\/v2\/posts\/11344\/revisions"}],"predecessor-version":[{"id":40164,"href":"https:\/\/www.sportingcanal.com\/index.php?rest_route=\/wp\/v2\/posts\/11344\/revisions\/40164"}],"wp:featuredmedia":[{"embeddable":true,"href":"https:\/\/www.sportingcanal.com\/index.php?rest_route=\/wp\/v2\/media\/38753"}],"wp:attachment":[{"href":"https:\/\/www.sportingcanal.com\/index.php?rest_route=%2Fwp%2Fv2%2Fmedia&parent=11344"}],"wp:term":[{"taxonomy":"category","embeddable":true,"href":"https:\/\/www.sportingcanal.com\/index.php?rest_route=%2Fwp%2Fv2%2Fcategories&post=11344"},{"taxonomy":"post_tag","embeddable":true,"href":"https:\/\/www.sportingcanal.com\/index.php?rest_route=%2Fwp%2Fv2%2Ftags&post=11344"}],"curies":[{"name":"wp","href":"https:\/\/api.w.org\/{rel}","templated":true}]}}