{"id":11346,"date":"2025-09-11T09:00:58","date_gmt":"2025-09-11T08:00:58","guid":{"rendered":"http:\/\/www.sportingcanal.com\/?p=11346"},"modified":"2025-09-11T11:43:57","modified_gmt":"2025-09-11T10:43:57","slug":"melo-um-suplente-fiavel","status":"publish","type":"post","link":"https:\/\/www.sportingcanal.com\/?p=11346","title":{"rendered":"Melo \u2013 Uma alternativa fi\u00e1vel"},"content":{"rendered":"<p><a href=\"http:\/\/www.sportingcanal.com\/wp-content\/uploads\/2013\/09\/futebol-melo.png\"><img loading=\"lazy\" decoding=\"async\" class=\"alignleft size-full wp-image-11373\" title=\"futebol - melo\" src=\"http:\/\/www.sportingcanal.com\/wp-content\/uploads\/2013\/09\/futebol-melo.png\" alt=\"\" width=\"300\" height=\"300\" srcset=\"https:\/\/www.sportingcanal.com\/wp-content\/uploads\/2013\/09\/futebol-melo.png 300w, https:\/\/www.sportingcanal.com\/wp-content\/uploads\/2013\/09\/futebol-melo-150x150.png 150w\" sizes=\"(max-width: 300px) 100vw, 300px\" \/><\/a>Joaquim Alberto Castanheira de Melo nasceu a 11 de Setembro de 1949 em Coimbra. No Uni\u00e3o e na Acad\u00e9mica fez a sua \u201cforma\u00e7\u00e3o\u201d, entrando nos seniores pelo Uni\u00e3o, na 3\u00aa divis\u00e3o, mas subindo ao 1\u00ba escal\u00e3o em apenas 4 anos. Em 1973 mudou-se para o Belenenses e em 1977 para o Vit\u00f3ria de Guimar\u00e3es \u2013 em ambos os clubes ganhou o estatuto de ser considerado um dos melhores guarda-redes do nosso pa\u00eds.<\/p>\n<p>Chegou ao Sporting no defeso de 1981 proveniente do Vit\u00f3ria de Guimar\u00e3es e ao mesmo tempo de Meszaros, considerado na altura um dos melhores do mundo. Sendo assim, a aposta sportinguista em Melo tinha a ver com a necessidade de ter um suplente fi\u00e1vel (para al\u00e9m de Fidalgo), que pudesse dar confian\u00e7a em caso de aus\u00eancia do h\u00fangaro.<\/p>\n<p>Nessa 1\u00aa temporada em Alvalade, sob a orienta\u00e7\u00e3o de Malcolm Allison, jogou apenas duas vezes, tendo-se estreado de \u201cle\u00e3o ao peito\u201d a 29 de Novembro num triunfo em Leiria (para o Campeonato) por 2-0. No final os le\u00f5es conquistaram a t\u00e3o ambicionada \u201cdobradinha\u201d.<\/p>\n<p>Na temporada seguinte o \u201cfilme\u201d repetiu-se (em termos de prioridades para a baliza) embora os treinadores fossem outros (Ant\u00f3nio Oliveira primeiro, Marinho Mateus no entretanto e Jozef Venglos na parte final). Coletivamente s\u00f3 se ganhou a Superta\u00e7a e Melo somou 4 presen\u00e7as.<\/p>\n<p>Ainda \u201cencantados\u201d pelas presta\u00e7\u00f5es de Meszaros (entretanto sa\u00eddo), os respons\u00e1veis leoninos contrataram outro h\u00fangaro \u2013 Katzirz para a sua baliza no in\u00edcio de 1983\/84, que, no entanto, n\u00e3o tinha a categoria do compatriota. \u00a0Apesar disso, e embora tenha jogado um pouco mais, Melo acumulou somente 8 presen\u00e7as, a \u00faltima das quais a 31 de Dezembro de 1983 num triunfo por 5-1 em Portalegre frente ao Estrela para a Ta\u00e7a de Portugal.<\/p>\n<p>Assim, totalizou 3 temporadas ao servi\u00e7o do Sporting, realizando 13 jogos oficiais e sofrendo 12 golos. Ganhou 1 Campeonato Nacional, uma Ta\u00e7a de Portugal e uma Superta\u00e7a. Foi uma vez internacional B (na altura em que jogava em Guimar\u00e3es).<\/p>\n<p>Foi um guarda-redes \u00e1gil, que dava confian\u00e7a pela sua seguran\u00e7a entre e fora dos postes.<\/p>\n<p>Depois de Alvalade voltou a Bel\u00e9m (onde permaneceu apenas 1 ano). Mais tarde jogou no Uni\u00e3o da Madeira (1 ano) e em 1986 assentou arraiais no Estrela da Amadora onde \u201ccriou ra\u00edzes\u201d e ganhou a Ta\u00e7a de Portugal em 1990 (feito hist\u00f3rico para os homens da Reboleira).<\/p>\n<p>Em 1991 terminou na Amadora uma carreira muito preenchida mas continuou ligado ao futebol como treinador de guarda-redes. A\u00ed passou por clubes como o Belenenses e Uni\u00e3o de Leiria, entre outros de menor nomeada.<\/p>\n<p>Atualmente continua a alinhar pelos veteranos do Sporting e faz apari\u00e7\u00f5es como comentador no canal de televis\u00e3o do clube.<\/p>\n<p><a href=\"https:\/\/www.youtube.com\/watch?t=208&amp;v=JrPPaoTUIPQ\">v\u00eddeo Sporting Mem\u00f3ria<\/a><\/p>\n<div class=\"tweetthis\" style=\"text-align:left;\"><p> <a target=\"_blank\" rel=\"nofollow\" class=\"tt\" href=\"http:\/\/twitter.com\/home\/?status=Melo+%E2%80%93+Uma+alternativa+fi%C3%A1vel+https%3A%2F%2Fis.gd%2FIaAAc7\" title=\"Post to Twitter\"><img decoding=\"async\" class=\"nothumb\" src=\"http:\/\/www.sportingcanal.com\/wp-content\/plugins\/tweet-this\/icons\/en\/twitter\/tt-twitter6.png\" alt=\"Post to Twitter\" \/><\/a><\/p><\/div>","protected":false},"excerpt":{"rendered":"<p>Joaquim Alberto Castanheira de Melo nasceu a 11 de Setembro de 1949 em Coimbra. No Uni\u00e3o e na Acad\u00e9mica fez a sua \u201cforma\u00e7\u00e3o\u201d, entrando nos seniores pelo Uni\u00e3o, na 3\u00aa divis\u00e3o, mas subindo ao 1\u00ba escal\u00e3o em apenas 4 anos. Em 1973 mudou-se para o Belenenses e em 1977 para o Vit\u00f3ria de Guimar\u00e3es \u2013 [&hellip;]<\/p>\n","protected":false},"author":1,"featured_media":38755,"comment_status":"open","ping_status":"open","sticky":false,"template":"","format":"standard","meta":{"_et_pb_use_builder":"","_et_pb_old_content":"","_et_gb_content_width":"","footnotes":""},"categories":[63],"tags":[8,52],"_links":{"self":[{"href":"https:\/\/www.sportingcanal.com\/index.php?rest_route=\/wp\/v2\/posts\/11346"}],"collection":[{"href":"https:\/\/www.sportingcanal.com\/index.php?rest_route=\/wp\/v2\/posts"}],"about":[{"href":"https:\/\/www.sportingcanal.com\/index.php?rest_route=\/wp\/v2\/types\/post"}],"author":[{"embeddable":true,"href":"https:\/\/www.sportingcanal.com\/index.php?rest_route=\/wp\/v2\/users\/1"}],"replies":[{"embeddable":true,"href":"https:\/\/www.sportingcanal.com\/index.php?rest_route=%2Fwp%2Fv2%2Fcomments&post=11346"}],"version-history":[{"count":18,"href":"https:\/\/www.sportingcanal.com\/index.php?rest_route=\/wp\/v2\/posts\/11346\/revisions"}],"predecessor-version":[{"id":36702,"href":"https:\/\/www.sportingcanal.com\/index.php?rest_route=\/wp\/v2\/posts\/11346\/revisions\/36702"}],"wp:featuredmedia":[{"embeddable":true,"href":"https:\/\/www.sportingcanal.com\/index.php?rest_route=\/wp\/v2\/media\/38755"}],"wp:attachment":[{"href":"https:\/\/www.sportingcanal.com\/index.php?rest_route=%2Fwp%2Fv2%2Fmedia&parent=11346"}],"wp:term":[{"taxonomy":"category","embeddable":true,"href":"https:\/\/www.sportingcanal.com\/index.php?rest_route=%2Fwp%2Fv2%2Fcategories&post=11346"},{"taxonomy":"post_tag","embeddable":true,"href":"https:\/\/www.sportingcanal.com\/index.php?rest_route=%2Fwp%2Fv2%2Ftags&post=11346"}],"curies":[{"name":"wp","href":"https:\/\/api.w.org\/{rel}","templated":true}]}}