{"id":11355,"date":"2025-08-05T15:30:29","date_gmt":"2025-08-05T14:30:29","guid":{"rendered":"http:\/\/www.sportingcanal.com\/?p=11355"},"modified":"2025-08-06T17:56:54","modified_gmt":"2025-08-06T16:56:54","slug":"amadeu-cruz","status":"publish","type":"post","link":"https:\/\/www.sportingcanal.com\/?p=11355","title":{"rendered":"Amadeu Cruz"},"content":{"rendered":"<p>Amadeu Cruz nasceu a 5 de Agosto de 1887. Homem de origens muito humildes (como acontecia com a esmagadora maioria dos portugueses na altura) era guarda-redes do Uni\u00e3o Belenense (que depois se viria a tornar no Belenenses) quando chegou ao Sporting no Ver\u00e3o de 1911.<\/p>\n<p>Os le\u00f5es j\u00e1 tinham 3 bons guardi\u00f5es, e por isso o novo jogador come\u00e7ou a alinhar como m\u00e9dio-esquerdo por op\u00e7\u00e3o de Daniel Queiroz dos Santos (capit\u00e3o-geral da equipa e o homem que fazia \u201cas linhas\u201d). Curiosamente, e apesar de se ter imposto logo como elemento importante no meio-campo, Amadeu Cruz foi \u201ctransferido\u201d na \u00e9poca seguinte para a defesa onde fez parelha com Jaime Cadete. Em 1913\/14 a dupla manteve-se. Amadeu Cruz era cada vez mais visto como um defesa-direito de bons recursos, humilde, trabalhador e eficaz.<\/p>\n<p>A 19 de Julho de 1914 contribuiu para que a equipa de futebol do Sporting conquistasse o seu 1\u00ba trof\u00e9u de \u00e2mbito nacional \u2013 os Jogos Ol\u00edmpicos Nacionais, ao bater na final o Imp\u00e9rio por 5-1.<\/p>\n<p>A temporada 14\/15 foi hist\u00f3rica. Finalmente conseguiu-se ganhar o t\u00e3o ansiado Campeonato Regional de Lisboa. Amadeu Cruz foi uma das figuras da equipa, fazendo dupla defensiva com o estreante (que se viria a tornar m\u00edtico) Jorge Vieira.<\/p>\n<p>At\u00e9 ao defeso de 1920 Amadeu Cruz manteve-se sempre de \u201cpedra e cal\u201d como defesa-direito da 1\u00aa categoria do Sporting, sagrando-se mais uma vez Campe\u00e3o Regional em 1919.<\/p>\n<p>Para 1920\/21, com a chegada do categorizado Joaquim Ferreira \u00e0 equipa, houve surpresa com o regresso de Amadeu Cruz \u00e0 baliza, tantos anos depois. A verdade \u00e9 que o abnegado \u201cle\u00e3o\u201d deu excelente conta de si. Em 1922 (j\u00e1 com Augusto Sabbo como treinador) ganhou mais um Regional, feito que repetiu em 1923, para al\u00e9m de fazer parte do grupo (j\u00e1 com Cipriano como titular) que conquistou o 1\u00ba Campeonato de Portugal para o palmar\u00e9s sportinguista.<\/p>\n<p>Alinhou pela \u00faltima vez oficialmente a 25 de Fevereiro de 1923 na 1\u00aa vez que o Sporting recebeu oficialmente o Belenenses. O jogo realizou-se no Campo Grande e os le\u00f5es triunfaram por 2-1 \u00e0 6\u00aa jornada do Regional.<\/p>\n<p>Totalizou 12 \u00e9pocas e cerca de 85 jogos oficiais como futebolista do Sporting, tendo ganho 1 Campeonato de Portugal e 4 Campeonatos Regionais de Lisboa.<\/p>\n<p>Entretanto adoeceu gravemente e pediu a Francisco Stromp que cuidasse da mulher e dos filhos quando a morte o \u201clevasse\u201d, situa\u00e7\u00e3o que o companheiro viria a cumprir como homem de palavra que era.<\/p>\n<p>No jornal do Sporting de 15 de Mar\u00e7o de 1924 escreveu-se: \u201cUm baluarte na baliza do Sporting, que desapareceu prematuramente. Vindo do antigo Uni\u00e3o Belenense, Amadeu ligou ao Sporting a fase \u00e1urea da sua carreira desportiva, primeiro como defesa (durante algumas \u00e9pocas) e por \u00faltimo como guarda-redes de grandes recursos. Garantiu a conquista de Campe\u00e3o de Lisboa de 1922, ao defender brilhantemente um penalty no derradeiro jogo dessa \u00e9poca. Exemplarmente modesto e \u201cle\u00e3o de cora\u00e7\u00e3o\u201d, Amadeu Cruz considerava-se um soldado das hostes leoninas e lutava com bravura pelos \u00eaxitos do Sporting. Agora que a morte o venceu na flor da idade, ficou um vazio muito dif\u00edcil de preencher. A d\u00edvida do nosso clube para com ele s\u00f3 ficar\u00e1 saldada atrav\u00e9s da repara\u00e7\u00e3o que nos compete, olhando pelo futuro da vi\u00fava e dos dois filhos pequenos que ficaram em muito m\u00e1 situa\u00e7\u00e3o. \u00c9 isso que vamos fazer, dando prova do elevado conceito moral do nosso clube, que n\u00e3o esquece quem viveu pelo seu ideal.\u201d<\/p>\n<div class=\"tweetthis\" style=\"text-align:left;\"><p> <a target=\"_blank\" rel=\"nofollow\" class=\"tt\" href=\"http:\/\/twitter.com\/home\/?status=Amadeu+Cruz+https%3A%2F%2Fis.gd%2FD4bKqG\" title=\"Post to Twitter\"><img decoding=\"async\" class=\"nothumb\" src=\"http:\/\/www.sportingcanal.com\/wp-content\/plugins\/tweet-this\/icons\/en\/twitter\/tt-twitter6.png\" alt=\"Post to Twitter\" \/><\/a><\/p><\/div>","protected":false},"excerpt":{"rendered":"<p>Amadeu Cruz nasceu a 5 de Agosto de 1887. Homem de origens muito humildes (como acontecia com a esmagadora maioria dos portugueses na altura) era guarda-redes do Uni\u00e3o Belenense (que depois se viria a tornar no Belenenses) quando chegou ao Sporting no Ver\u00e3o de 1911. Os le\u00f5es j\u00e1 tinham 3 bons guardi\u00f5es, e por isso [&hellip;]<\/p>\n","protected":false},"author":1,"featured_media":38957,"comment_status":"open","ping_status":"open","sticky":false,"template":"","format":"standard","meta":{"_et_pb_use_builder":"","_et_pb_old_content":"","_et_gb_content_width":"","footnotes":""},"categories":[13],"tags":[65,8,52],"_links":{"self":[{"href":"https:\/\/www.sportingcanal.com\/index.php?rest_route=\/wp\/v2\/posts\/11355"}],"collection":[{"href":"https:\/\/www.sportingcanal.com\/index.php?rest_route=\/wp\/v2\/posts"}],"about":[{"href":"https:\/\/www.sportingcanal.com\/index.php?rest_route=\/wp\/v2\/types\/post"}],"author":[{"embeddable":true,"href":"https:\/\/www.sportingcanal.com\/index.php?rest_route=\/wp\/v2\/users\/1"}],"replies":[{"embeddable":true,"href":"https:\/\/www.sportingcanal.com\/index.php?rest_route=%2Fwp%2Fv2%2Fcomments&post=11355"}],"version-history":[{"count":25,"href":"https:\/\/www.sportingcanal.com\/index.php?rest_route=\/wp\/v2\/posts\/11355\/revisions"}],"predecessor-version":[{"id":38972,"href":"https:\/\/www.sportingcanal.com\/index.php?rest_route=\/wp\/v2\/posts\/11355\/revisions\/38972"}],"wp:featuredmedia":[{"embeddable":true,"href":"https:\/\/www.sportingcanal.com\/index.php?rest_route=\/wp\/v2\/media\/38957"}],"wp:attachment":[{"href":"https:\/\/www.sportingcanal.com\/index.php?rest_route=%2Fwp%2Fv2%2Fmedia&parent=11355"}],"wp:term":[{"taxonomy":"category","embeddable":true,"href":"https:\/\/www.sportingcanal.com\/index.php?rest_route=%2Fwp%2Fv2%2Fcategories&post=11355"},{"taxonomy":"post_tag","embeddable":true,"href":"https:\/\/www.sportingcanal.com\/index.php?rest_route=%2Fwp%2Fv2%2Ftags&post=11355"}],"curies":[{"name":"wp","href":"https:\/\/api.w.org\/{rel}","templated":true}]}}