{"id":11420,"date":"2025-12-16T08:00:42","date_gmt":"2025-12-16T07:00:42","guid":{"rendered":"http:\/\/www.sportingcanal.com\/?p=11420"},"modified":"2025-12-16T11:31:44","modified_gmt":"2025-12-16T10:31:44","slug":"martinho-de-oliveira","status":"publish","type":"post","link":"https:\/\/www.sportingcanal.com\/?p=11420","title":{"rendered":"Martinho de Oliveira"},"content":{"rendered":"<p>Martinho Andrade de Oliveira nasceu em Lisboa. Come\u00e7ou por dar nas vistas no Sporting na Nata\u00e7\u00e3o. Em Setembro de 1923 sagrou-se mesmo Campe\u00e3o de Portugal na estafeta de 4X200 metros livres ao lado de Francisco Leote, Sebasti\u00e3o Her\u00e9dia Jr. e Emile Renou.<\/p>\n<p>No futebol, estreou-se oficialmente (com o treinador Julius Lelovitch) a 21 de Junho de 1925 em jogo da meia-final do Campeonato de Portugal ganho ao Olhanense por 1-0. Depois jogou a final, perdida para o Porto por 2-1, numa \u00e9poca em que os le\u00f5es se sagraram Campe\u00f5es Regionais.<\/p>\n<p>Na temporada seguinte j\u00e1 foi totalista, realizando todos os 14 jogos oficiais da equipa como m\u00e9dio-esquerdo, o mesmo acontecendo em 26\/27, \u00e9poca na qual apontou o seu 1\u00ba golo, a 30 de Janeiro de 1927, num empate (2-2) com o Uni\u00e3o Lisboa para o Regional.<\/p>\n<p>Futebolista polivalente, jogou em 27\/28 (\u00e9poca em que chegou a internacional portugu\u00eas) como m\u00e9dio-direito numa temporada em que os le\u00f5es comemoraram o seu 6\u00ba t\u00edtulo regional. No ano seguinte uma mudan\u00e7a ainda mais radical \u2013 Charles Bell colocou-o a defesa-esquerdo numa \u00e9poca em que Jorge Vieira praticamente n\u00e3o jogou. Em 29\/30 o grande capit\u00e3o leonino voltou a ser regularmente utilizado, pelo que Martinho derivou para o lado direito da defesa, onde continuou a produzir excelentes presta\u00e7\u00f5es.<\/p>\n<p>Em 1930\/31, sob a orienta\u00e7\u00e3o de Joaquim Filipe dos Santos, o Sporting foi Campe\u00e3o Regional pela 7\u00aa vez. Martinho de Oliveira esteve em grande plano como defesa-direito, chegando inclusivamente ao posto de capit\u00e3o de equipa e realizando todos os jogos.<\/p>\n<p>Em 1932 e 33, com Arthur John e Rudolf Jeny, jogou muito pouco (e como defesa-esquerdo), realizando a \u00faltima partida a 22 de Janeiro de 1933 &#8211; um Sporting-Chelas (7-1) para a 8\u00aa jornada do Regional.<\/p>\n<p>Assim, Martinho de Oliveira totalizou 9 \u00e9pocas de utiliza\u00e7\u00e3o na equipa principal do Sporting. Alinhou cerca de 95 vezes em partidas oficiais e marcou 2 golos. Ganhou 3 Campeonatos Regionais. Foi 6 vezes internacional A.<\/p>\n<p>Ficou conhecido por ser um jogador temperamental e muito supersticioso. Quando os desafios eram duvidosos e n\u00e3o jogava, encanelava o cavalo a verde, punha-lhe dois le\u00f5es de prata na cabe\u00e7ada, metia no bolso uma garrafa de \u00e1gua e duas h\u00f3stias de aspirina e, colocando-se por detr\u00e1s da baliza advers\u00e1ria, aguardava sereno os acontecimentos, certo de que o buc\u00e9falo ia \u201cchupar\u201d as bolas de forma a entrarem nas redes!<\/p>\n<p>Em 1931 recebeu a Medalha de m\u00e9rito e dedica\u00e7\u00e3o, condecora\u00e7\u00e3o atribu\u00edda por altura das comemora\u00e7\u00f5es das Bodas de Prata do Sporting, e foi tamb\u00e9m considerado S\u00f3cio de m\u00e9rito.<\/p>\n<p>Ano mais tarde ocupou diversos postos como dirigente sportinguista. Foi Vogal da Dire\u00e7\u00e3o de Joaquim de Oliveira Duarte\u00a0em 1935\/36, suplente do Conselho Fiscal\u00a0entre 1936 e 1942, Relator do mesmo org\u00e3o quando este era presidido por Jorge Leit\u00e3o\u00a0(na ger\u00eancia 1943\/44), e Vice-Presidente para as Atividades Desportivas com Cazal-Ribeiro\u00a0em 1957 e 1958.<\/p>\n<p>Em 1947 chegou a fazer parte duma Comiss\u00e3o T\u00e9cnica que liderou a Sele\u00e7\u00e3o Nacional de futebol.<\/p>\n<div class=\"tweetthis\" style=\"text-align:left;\"><p> <a target=\"_blank\" rel=\"nofollow\" class=\"tt\" href=\"http:\/\/twitter.com\/home\/?status=Martinho+de+Oliveira+https%3A%2F%2Fis.gd%2FLyyM5v\" title=\"Post to Twitter\"><img decoding=\"async\" class=\"nothumb\" src=\"http:\/\/www.sportingcanal.com\/wp-content\/plugins\/tweet-this\/icons\/en\/twitter\/tt-twitter6.png\" alt=\"Post to Twitter\" \/><\/a><\/p><\/div>","protected":false},"excerpt":{"rendered":"<p>Martinho Andrade de Oliveira nasceu em Lisboa. Come\u00e7ou por dar nas vistas no Sporting na Nata\u00e7\u00e3o. Em Setembro de 1923 sagrou-se mesmo Campe\u00e3o de Portugal na estafeta de 4X200 metros livres ao lado de Francisco Leote, Sebasti\u00e3o Her\u00e9dia Jr. e Emile Renou. No futebol, estreou-se oficialmente (com o treinador Julius Lelovitch) a 21 de Junho [&hellip;]<\/p>\n","protected":false},"author":1,"featured_media":11449,"comment_status":"open","ping_status":"open","sticky":false,"template":"","format":"standard","meta":{"_et_pb_use_builder":"","_et_pb_old_content":"","_et_gb_content_width":"","footnotes":""},"categories":[13],"tags":[65,8,64],"_links":{"self":[{"href":"https:\/\/www.sportingcanal.com\/index.php?rest_route=\/wp\/v2\/posts\/11420"}],"collection":[{"href":"https:\/\/www.sportingcanal.com\/index.php?rest_route=\/wp\/v2\/posts"}],"about":[{"href":"https:\/\/www.sportingcanal.com\/index.php?rest_route=\/wp\/v2\/types\/post"}],"author":[{"embeddable":true,"href":"https:\/\/www.sportingcanal.com\/index.php?rest_route=\/wp\/v2\/users\/1"}],"replies":[{"embeddable":true,"href":"https:\/\/www.sportingcanal.com\/index.php?rest_route=%2Fwp%2Fv2%2Fcomments&post=11420"}],"version-history":[{"count":19,"href":"https:\/\/www.sportingcanal.com\/index.php?rest_route=\/wp\/v2\/posts\/11420\/revisions"}],"predecessor-version":[{"id":39373,"href":"https:\/\/www.sportingcanal.com\/index.php?rest_route=\/wp\/v2\/posts\/11420\/revisions\/39373"}],"wp:featuredmedia":[{"embeddable":true,"href":"https:\/\/www.sportingcanal.com\/index.php?rest_route=\/wp\/v2\/media\/11449"}],"wp:attachment":[{"href":"https:\/\/www.sportingcanal.com\/index.php?rest_route=%2Fwp%2Fv2%2Fmedia&parent=11420"}],"wp:term":[{"taxonomy":"category","embeddable":true,"href":"https:\/\/www.sportingcanal.com\/index.php?rest_route=%2Fwp%2Fv2%2Fcategories&post=11420"},{"taxonomy":"post_tag","embeddable":true,"href":"https:\/\/www.sportingcanal.com\/index.php?rest_route=%2Fwp%2Fv2%2Ftags&post=11420"}],"curies":[{"name":"wp","href":"https:\/\/api.w.org\/{rel}","templated":true}]}}