{"id":11469,"date":"2025-05-26T00:05:32","date_gmt":"2025-05-25T23:05:32","guid":{"rendered":"http:\/\/www.sportingcanal.com\/?p=11469"},"modified":"2025-05-26T12:35:53","modified_gmt":"2025-05-26T11:35:53","slug":"joaquim-serrano","status":"publish","type":"post","link":"https:\/\/www.sportingcanal.com\/?p=11469","title":{"rendered":"Joaquim Serrano"},"content":{"rendered":"<p>Joaquim de Oliveira Serrano nasceu a 26 de Maio de 1911 em Aveiro, mas foi viver muito novo para Faro com a fam\u00edlia, e foi no Algarve que se iniciou nas lides futebol\u00edsticas.<\/p>\n<p>A 18 de Setembro de 1932 jogou pela 1\u00aa vez pelo Sporting, num amig\u00e1vel de in\u00edcio de \u00e9poca em Faro perante o Sporting Farense (5-3), no entanto, a sua estreia oficial (com o treinador Rudolf Jeny) aconteceria a 16 de Outubro, no Campo Grande, na 1\u00aa jornada do Campeonato Regional (4-3 ao FC Barreirense).<\/p>\n<p>Logo nessa \u00e9poca de estreia foi titular\u00edssimo como defesa-esquerdo (fazendo dupla defensiva com Jurado) realizando 22 dos 25 jogos da equipa.<\/p>\n<p>Em 1933\/34 o Sporting fez uma excelente temporada conquistando pela 2\u00aa vez a \u201cdobradinha\u201d da altura \u2013 Campeonato Regional e Campeonato de Portugal, e Joaquim Serrano foi mais uma vez indiscut\u00edvel ao lado de Jurado. No ano seguinte a situa\u00e7\u00e3o manteve-se (mais um Regional conquistado), mas para 35\/36 chegou o brasileiro Vianinha que rapidamente se imp\u00f4s em mais uma \u00e9poca de sucessos (Campeonatos de Portugal e Regional).<\/p>\n<p>Vianinha entretanto saiu mas o jovem M\u00e1rio Galv\u00e3o surgiu na 1\u00aa equipa alternando com Serrano na temporada 36\/37, na qual o Sporting conseguiu um in\u00e9dito Tetracampeonato Regional. O penta e o hexa chegaram nos anos seguintes, mas a\u00ed Joaquim Serrano j\u00e1 foi geralmente suplente, realizando apenas 3 e 7 jogos oficiais.<\/p>\n<p>A 12 de Novembro de 1939 fez o seu \u00faltimo jogo oficial (\u00fanico dessa \u00e9poca derradeira) numa desloca\u00e7\u00e3o ao Carcavelinhos (6-3) para o Regional. Curiosamente, alinhou a\u00ed na posi\u00e7\u00e3o de extremo-direito!<\/p>\n<p>Assim, totalizou 8 \u00e9pocas na equipa principal do Sporting, realizando 113 jogos oficiais (sem golos marcados). Ganhou 3 Campeonatos de Portugal e 6 Campeonatos Regionais. Foi uma vez internacional A (a 11 de Mar\u00e7o de 1934) numa partida de m\u00e1 mem\u00f3ria em que Portugal perdeu 9-0 com a Espanha.<\/p>\n<p>Em entrevista concedida numa altura em que estava no auge da sua carreira futebol\u00edstica, Joaquim Serrano teve v\u00e1rias afirma\u00e7\u00f5es curiosas: \u201cDepois do futebol os desportos que mais me agradam s\u00e3o a nata\u00e7\u00e3o (foi Campe\u00e3o Regional algarvio dos 100 metros em 1929 e 1930) e o basquetebol (chegou a jogar na Associa\u00e7\u00e3o Acad\u00e9mica de Faro) (\u2026) Sempre que posso assisto a espet\u00e1culos desportivos, sejam quais forem (\u2026) Sou aluno de educa\u00e7\u00e3o f\u00edsica. Preparo-me para ser professor de gin\u00e1stica (\u2026) Um regime de profissionalismo seria mais decente. O futebol s\u00f3 teria a lucrar com isso (\u2026) O avan\u00e7ado mais dif\u00edcil de defrontar \u00e9 o portista Waldemar, mas o melhor \u00e9 Mour\u00e3o (\u2026) Jurado \u00e9 o melhor defesa e o Sporting a melhor equipa (\u2026) Prefiro jogar a defesa-esquerdo (onde estou atualmente) (\u2026) Depois do Sporting tenho simpatia pelo FC Porto e pelo Benfica (\u2026) O Campeonato das Ligas \u00e9 uma iniciativa da maior import\u00e2ncia, merecedora dos maiores \u00eaxitos.<\/p>\n<div class=\"tweetthis\" style=\"text-align:left;\"><p> <a target=\"_blank\" rel=\"nofollow\" class=\"tt\" href=\"http:\/\/twitter.com\/home\/?status=Joaquim+Serrano+https%3A%2F%2Fis.gd%2FTI0TYx\" title=\"Post to Twitter\"><img decoding=\"async\" class=\"nothumb\" src=\"http:\/\/www.sportingcanal.com\/wp-content\/plugins\/tweet-this\/icons\/en\/twitter\/tt-twitter6.png\" alt=\"Post to Twitter\" \/><\/a><\/p><\/div>","protected":false},"excerpt":{"rendered":"<p>Joaquim de Oliveira Serrano nasceu a 26 de Maio de 1911 em Aveiro, mas foi viver muito novo para Faro com a fam\u00edlia, e foi no Algarve que se iniciou nas lides futebol\u00edsticas. A 18 de Setembro de 1932 jogou pela 1\u00aa vez pelo Sporting, num amig\u00e1vel de in\u00edcio de \u00e9poca em Faro perante o [&hellip;]<\/p>\n","protected":false},"author":1,"featured_media":37694,"comment_status":"open","ping_status":"open","sticky":false,"template":"","format":"standard","meta":{"_et_pb_use_builder":"","_et_pb_old_content":"","_et_gb_content_width":"","footnotes":""},"categories":[13],"tags":[65,8],"_links":{"self":[{"href":"https:\/\/www.sportingcanal.com\/index.php?rest_route=\/wp\/v2\/posts\/11469"}],"collection":[{"href":"https:\/\/www.sportingcanal.com\/index.php?rest_route=\/wp\/v2\/posts"}],"about":[{"href":"https:\/\/www.sportingcanal.com\/index.php?rest_route=\/wp\/v2\/types\/post"}],"author":[{"embeddable":true,"href":"https:\/\/www.sportingcanal.com\/index.php?rest_route=\/wp\/v2\/users\/1"}],"replies":[{"embeddable":true,"href":"https:\/\/www.sportingcanal.com\/index.php?rest_route=%2Fwp%2Fv2%2Fcomments&post=11469"}],"version-history":[{"count":25,"href":"https:\/\/www.sportingcanal.com\/index.php?rest_route=\/wp\/v2\/posts\/11469\/revisions"}],"predecessor-version":[{"id":37696,"href":"https:\/\/www.sportingcanal.com\/index.php?rest_route=\/wp\/v2\/posts\/11469\/revisions\/37696"}],"wp:featuredmedia":[{"embeddable":true,"href":"https:\/\/www.sportingcanal.com\/index.php?rest_route=\/wp\/v2\/media\/37694"}],"wp:attachment":[{"href":"https:\/\/www.sportingcanal.com\/index.php?rest_route=%2Fwp%2Fv2%2Fmedia&parent=11469"}],"wp:term":[{"taxonomy":"category","embeddable":true,"href":"https:\/\/www.sportingcanal.com\/index.php?rest_route=%2Fwp%2Fv2%2Fcategories&post=11469"},{"taxonomy":"post_tag","embeddable":true,"href":"https:\/\/www.sportingcanal.com\/index.php?rest_route=%2Fwp%2Fv2%2Ftags&post=11469"}],"curies":[{"name":"wp","href":"https:\/\/api.w.org\/{rel}","templated":true}]}}