{"id":11476,"date":"2025-07-15T08:00:15","date_gmt":"2025-07-15T07:00:15","guid":{"rendered":"http:\/\/www.sportingcanal.com\/?p=11476"},"modified":"2025-07-15T22:09:05","modified_gmt":"2025-07-15T21:09:05","slug":"daniel-queiroz-dos-santos","status":"publish","type":"post","link":"https:\/\/www.sportingcanal.com\/?p=11476","title":{"rendered":"Daniel Queiroz dos Santos"},"content":{"rendered":"<p>Daniel Augusto Queiroz dos Santos nasceu a 15 de Julho de 1879. Foi educado na Real Casa Pia de Lisboa, onde adquiriu a paix\u00e3o pelo desporto, tendo come\u00e7ado a jogar futebol em 1894.<\/p>\n<p>Mais tarde passou pelo Grupo Sport Lisboa (que mais tarde viria a resultar no Benfica), que por alturas de 1907 n\u00e3o conseguia resolver o inc\u00f3modo problema de falta de campo pr\u00f3prio. Os jogadores, quase todos de n\u00edvel e estatuto social elevados, fartaram-se da instabilidade e decidiram abandonar o clube. Em Maio de 1907, numa Assembleia Geral, v\u00e1rios dos melhores jogadores foram autorizados a transferirem-se para o \u201cabastado\u201d Sporting Clube de Portugal, fundado 1 ano antes. A lista dos dissidentes inclu\u00eda Daniel Queiroz dos Santos.<\/p>\n<p>Estreou-se oficialmente no 1\u00ba jogo \u201ca s\u00e9rio\u201d da Hist\u00f3ria do Sporting (como defesa-direito), frente ao Grupo Sport Lisboa (a 1 de Dezembro de 1907), para a 1\u00aa jornada do Campeonato Regional, que os le\u00f5es venceram por 2-1. Depois ainda jogou algumas vezes nessa temporada e na seguinte, sem conseguir t\u00edtulos (os le\u00f5es ainda davam os primeiros passos em competi\u00e7\u00e3o). Desde logo foi visto como um l\u00edder, e por isso rapidamente se tornou capit\u00e3o-geral da equipa, para al\u00e9m de membro do Conselho T\u00e9cnico e instrutor do futebol leonino.<\/p>\n<p>Desportista multifacetado, fez parte da 1\u00aa equipa de Criquete do Sporting, que defrontou a do CIF a 24 de Maio de 1908.<\/p>\n<p>A partir de 1910 fez tamb\u00e9m parte das equipas do Sporting de Luta de Tra\u00e7\u00e3o que dominaram inapelavelmente o panorama nacional durante v\u00e1rios anos. Nesse mesmo ano (a 23 de Setembro) foi um dos fundadores da Associa\u00e7\u00e3o de Futebol de Lisboa).<\/p>\n<p>No ano seguinte fundou (a 11 de Fevereiro) o \u201cJornal de Sports\u201d onde se destacava pela contund\u00eancia dos seus textos.<\/p>\n<p>Em 1912 surgiu pela 1\u00aa vez em cargos diretivos no Sporting, como vice-presidente de Caetano Pereira. Em Novembro de 1914 chegou a Presidente e por l\u00e1 se manteve at\u00e9 Abril de 1918. Com ele o futebol do Sporting conseguiu os seus primeiros grandes t\u00edtulos \u2013 Jogos Ol\u00edmpicos Nacionais em 1914 e Campeonato Regional de Lisboa em 1915.<\/p>\n<p>Em 1916 foi considerado \u201cs\u00f3cio benem\u00e9rito\u201d do clube e foi com ele que, a 1 de Abril de 1917, os le\u00f5es inauguraram as suas novas instala\u00e7\u00f5es no Campo Grande.<\/p>\n<p>Entre Junho de 1918 e Novembro de 1920 e depois em 1920 e entre Mar\u00e7o e Julho de 1927 foi Presidente da Mesa da Assembleia Geral do clube. Curiosamente, em 1920, foi o 1\u00ba Vice-Presidente eleito da Assembleia-Geral do Casa Pia AC.<\/p>\n<p>Em 1922 integrou o Agrupamento Leonino (uma esp\u00e9cie de \u00f3rg\u00e3o consultivo constitu\u00eddo por s\u00f3cios ilustres do clube). Foi tamb\u00e9m \u00e1rbitro, Contabilista e Guarda-Livros da Sociedade Nacional de F\u00f3sforos.<\/p>\n<p>Morreu a 12 de Agosto de 1948, e na ocasi\u00e3o dele escreveu o Jornal do Sporting: \u201cPossuidor de primorosos dotes de car\u00e1ter e intelig\u00eancia, depressa conquistou a considera\u00e7\u00e3o e amizade dos seus cons\u00f3cios que numa das primeiras assembleias o quiseram distinguir concedendo-lhe o n\u00ba 1 na lista dos associados, primazia que numa atitude elegante transferiu para Ant\u00f3nio Couto, pelo que ficou sendo o n\u00ba 2, que ainda o era \u00e0 data do seu falecimento, embora pelo falecimento do arquiteto Couto, h\u00e1 dois anos, fosse hoje o primeiro da longa escala. Ocupou lugares nos corpos gerentes do clube, chegando a Presidente, onde marcou posi\u00e7\u00e3o brilhante pelo seu aprumo moral, fino trato, arg\u00facia e intelig\u00eancia. Foi na sua a\u00e7\u00e3o diretiva que o Sporting encontrou um dos seus principais pilares para ser um clube imortal\u201d.<\/p>\n<div class=\"tweetthis\" style=\"text-align:left;\"><p> <a target=\"_blank\" rel=\"nofollow\" class=\"tt\" href=\"http:\/\/twitter.com\/home\/?status=Daniel+Queiroz+dos+Santos+https%3A%2F%2Fis.gd%2FqjpO8z\" title=\"Post to Twitter\"><img decoding=\"async\" class=\"nothumb\" src=\"http:\/\/www.sportingcanal.com\/wp-content\/plugins\/tweet-this\/icons\/en\/twitter\/tt-twitter6.png\" alt=\"Post to Twitter\" \/><\/a><\/p><\/div>","protected":false},"excerpt":{"rendered":"<p>Daniel Augusto Queiroz dos Santos nasceu a 15 de Julho de 1879. Foi educado na Real Casa Pia de Lisboa, onde adquiriu a paix\u00e3o pelo desporto, tendo come\u00e7ado a jogar futebol em 1894. Mais tarde passou pelo Grupo Sport Lisboa (que mais tarde viria a resultar no Benfica), que por alturas de 1907 n\u00e3o conseguia [&hellip;]<\/p>\n","protected":false},"author":1,"featured_media":38275,"comment_status":"open","ping_status":"open","sticky":false,"template":"","format":"standard","meta":{"_et_pb_use_builder":"","_et_pb_old_content":"","_et_gb_content_width":"","footnotes":""},"categories":[13],"tags":[65,56,8,34],"_links":{"self":[{"href":"https:\/\/www.sportingcanal.com\/index.php?rest_route=\/wp\/v2\/posts\/11476"}],"collection":[{"href":"https:\/\/www.sportingcanal.com\/index.php?rest_route=\/wp\/v2\/posts"}],"about":[{"href":"https:\/\/www.sportingcanal.com\/index.php?rest_route=\/wp\/v2\/types\/post"}],"author":[{"embeddable":true,"href":"https:\/\/www.sportingcanal.com\/index.php?rest_route=\/wp\/v2\/users\/1"}],"replies":[{"embeddable":true,"href":"https:\/\/www.sportingcanal.com\/index.php?rest_route=%2Fwp%2Fv2%2Fcomments&post=11476"}],"version-history":[{"count":25,"href":"https:\/\/www.sportingcanal.com\/index.php?rest_route=\/wp\/v2\/posts\/11476\/revisions"}],"predecessor-version":[{"id":38277,"href":"https:\/\/www.sportingcanal.com\/index.php?rest_route=\/wp\/v2\/posts\/11476\/revisions\/38277"}],"wp:featuredmedia":[{"embeddable":true,"href":"https:\/\/www.sportingcanal.com\/index.php?rest_route=\/wp\/v2\/media\/38275"}],"wp:attachment":[{"href":"https:\/\/www.sportingcanal.com\/index.php?rest_route=%2Fwp%2Fv2%2Fmedia&parent=11476"}],"wp:term":[{"taxonomy":"category","embeddable":true,"href":"https:\/\/www.sportingcanal.com\/index.php?rest_route=%2Fwp%2Fv2%2Fcategories&post=11476"},{"taxonomy":"post_tag","embeddable":true,"href":"https:\/\/www.sportingcanal.com\/index.php?rest_route=%2Fwp%2Fv2%2Ftags&post=11476"}],"curies":[{"name":"wp","href":"https:\/\/api.w.org\/{rel}","templated":true}]}}