{"id":11478,"date":"2025-08-15T09:30:02","date_gmt":"2025-08-15T08:30:02","guid":{"rendered":"http:\/\/www.sportingcanal.com\/?p=11478"},"modified":"2025-08-16T13:30:21","modified_gmt":"2025-08-16T12:30:21","slug":"cherbakov","status":"publish","type":"post","link":"https:\/\/www.sportingcanal.com\/?p=11478","title":{"rendered":"Cherbakov \u2013 Jovem talentoso que ficou pelo caminho\u2026"},"content":{"rendered":"<p>Sergey Cherbakov nasceu a 15 de Agosto de 1971 em Donetsk \u2013 Ucr\u00e2nia. Desde as camadas jovens come\u00e7ou a mostrar grandes qualidades. Em 1990 foi campe\u00e3o Europeu de juniores pela URSS e no ano seguinte melhor marcador do Mundial sub-20 realizado no nosso pa\u00eds em 1991,<\/p>\n<p>Sousa Cintra trouxe-o para o Sporting no Ver\u00e3o de 1992. A sua integra\u00e7\u00e3o na equipa n\u00e3o foi f\u00e1cil, pois para a sua posi\u00e7\u00e3o (m\u00e9dio-ala esquerdo) havia Filipe, que estava em excelente forma. \u00a0Estreou-se oficialmente (com Bobby Robson) a 8 de Novembro de 1992 num triunfo em Chaves por 2-0 para a 11\u00aa jornada do Campeonato Nacional. Pouco a pouco foi jogando com alguma regularidade, at\u00e9 porque Bobby Robson, numa atitude inteligente, passou a colocar o esquerdino numa posi\u00e7\u00e3o mais central \u2013 onde indubitavelmente rendia mais.<\/p>\n<p>Marcou o 1\u00ba golo a 7 de Fevereiro de 1993 num triunfo em Famalic\u00e3o por 2-1, tamb\u00e9m para o Campeonato, e no final da temporada somou 21 presen\u00e7as e 4 golos.<\/p>\n<p>Na \u00e9poca seguinte, melhor adaptado, mostrava j\u00e1 um potencial fant\u00e1stico quando, ap\u00f3s desrespeitar um sem\u00e1foro vermelho, teve um acidente de via\u00e7\u00e3o na noite lisboeta (a 15 de Dezembro &#8211; ap\u00f3s o jantar de despedida de Bobby Robson) que o p\u00f4s parapl\u00e9gico. A not\u00edcia foi uma \u201cbomba\u201d para os sportinguistas mas n\u00e3o restava nada a fazer sen\u00e3o amparar o homem e contribuir para que ele tivesse um futuro o mais risonho poss\u00edvel, mas, inevitavelmente, fora dos relvados\u2026<\/p>\n<p>A 13 de Dezembro de 1993 (curiosamente no dia da estreia de Queiroz) jogara pelo \u00faltima vez num Sporting-Beira-Mar (1-0) para o Campeonato. O \u00faltimo golo marcara-o a 24 de Novembro num triunfo por 2-0 sobre o Casino Salzburgo para a Ta\u00e7a UEFA.<\/p>\n<p>Assim, esteve duas \u00e9pocas no Sporting nas quais realizou 37 jogos oficiais e marcou 6 golos. Foi duas vezes internacional pela Ucr\u00e2nia (ambas enquanto jogador do Sporting).<\/p>\n<p>\u00c9 de real\u00e7ar o facto de Cherbakov nunca ter surgido publicamente demasiado abatido com a sua nova situa\u00e7\u00e3o, mostrando grande for\u00e7a interior e vontade de viver. At\u00e9 hoje continua a ser chamado a opinar sobre futebol e sobre o Sporting, e j\u00e1 foi at\u00e9 homenageado em Alvalade. Entretanto continua a queixar-se que Sousa Cintra lhe fez in\u00fameras promessas que nunca cumpriu.<\/p>\n<p>Atualmente vive em Moscovo e \u00e9 \u201colheiro\u201d do Lokomotiv. Continua em tratamentos para melhorar a sua situa\u00e7\u00e3o, mas diz-se \u201ccasado e feliz\u201d. Em 2012, em entrevista ao Jornal &#8220;Expresso,&#8221; e referindo-se ao Sporting, teve uma tirada peculiar: &#8220;\u00c9 igual ao do meu tempo. Queres ver como? Ent\u00e3o, todos os anos dizem no in\u00edcio: vamos ser campe\u00f5es. Depois, a meio, dizem que est\u00e1 dif\u00edcil. E, no final, n\u00e3o conseguem nada. Este ano nem uma Ta\u00e7a. Sabes o que te digo? \u00c9 sempre a mesma merda (gargalhada)&#8221;.<\/p>\n<div class=\"tweetthis\" style=\"text-align:left;\"><p> <a target=\"_blank\" rel=\"nofollow\" class=\"tt\" href=\"http:\/\/twitter.com\/home\/?status=Cherbakov+%E2%80%93+Jovem+talentoso+que+ficou+pelo+caminho%E2%80%A6+https%3A%2F%2Fis.gd%2F4AbRSP\" title=\"Post to Twitter\"><img decoding=\"async\" class=\"nothumb\" src=\"http:\/\/www.sportingcanal.com\/wp-content\/plugins\/tweet-this\/icons\/en\/twitter\/tt-twitter6.png\" alt=\"Post to Twitter\" \/><\/a><\/p><\/div>","protected":false},"excerpt":{"rendered":"<p>Sergey Cherbakov nasceu a 15 de Agosto de 1971 em Donetsk \u2013 Ucr\u00e2nia. Desde as camadas jovens come\u00e7ou a mostrar grandes qualidades. Em 1990 foi campe\u00e3o Europeu de juniores pela URSS e no ano seguinte melhor marcador do Mundial sub-20 realizado no nosso pa\u00eds em 1991, Sousa Cintra trouxe-o para o Sporting no Ver\u00e3o de [&hellip;]<\/p>\n","protected":false},"author":1,"featured_media":38489,"comment_status":"open","ping_status":"open","sticky":false,"template":"","format":"standard","meta":{"_et_pb_use_builder":"","_et_pb_old_content":"","_et_gb_content_width":"","footnotes":""},"categories":[63],"tags":[8,64],"_links":{"self":[{"href":"https:\/\/www.sportingcanal.com\/index.php?rest_route=\/wp\/v2\/posts\/11478"}],"collection":[{"href":"https:\/\/www.sportingcanal.com\/index.php?rest_route=\/wp\/v2\/posts"}],"about":[{"href":"https:\/\/www.sportingcanal.com\/index.php?rest_route=\/wp\/v2\/types\/post"}],"author":[{"embeddable":true,"href":"https:\/\/www.sportingcanal.com\/index.php?rest_route=\/wp\/v2\/users\/1"}],"replies":[{"embeddable":true,"href":"https:\/\/www.sportingcanal.com\/index.php?rest_route=%2Fwp%2Fv2%2Fcomments&post=11478"}],"version-history":[{"count":21,"href":"https:\/\/www.sportingcanal.com\/index.php?rest_route=\/wp\/v2\/posts\/11478\/revisions"}],"predecessor-version":[{"id":38490,"href":"https:\/\/www.sportingcanal.com\/index.php?rest_route=\/wp\/v2\/posts\/11478\/revisions\/38490"}],"wp:featuredmedia":[{"embeddable":true,"href":"https:\/\/www.sportingcanal.com\/index.php?rest_route=\/wp\/v2\/media\/38489"}],"wp:attachment":[{"href":"https:\/\/www.sportingcanal.com\/index.php?rest_route=%2Fwp%2Fv2%2Fmedia&parent=11478"}],"wp:term":[{"taxonomy":"category","embeddable":true,"href":"https:\/\/www.sportingcanal.com\/index.php?rest_route=%2Fwp%2Fv2%2Fcategories&post=11478"},{"taxonomy":"post_tag","embeddable":true,"href":"https:\/\/www.sportingcanal.com\/index.php?rest_route=%2Fwp%2Fv2%2Ftags&post=11478"}],"curies":[{"name":"wp","href":"https:\/\/api.w.org\/{rel}","templated":true}]}}