{"id":11481,"date":"2025-10-26T08:00:37","date_gmt":"2025-10-26T07:00:37","guid":{"rendered":"http:\/\/www.sportingcanal.com\/?p=11481"},"modified":"2025-10-27T18:18:19","modified_gmt":"2025-10-27T17:18:19","slug":"sousa-cintra","status":"publish","type":"post","link":"https:\/\/www.sportingcanal.com\/?p=11481","title":{"rendered":"Sousa Cintra"},"content":{"rendered":"<p>Jos\u00e9 de Sousa Cintra nasceu a 26 de Outubro de 1944 em Raposeira \u2013 Algarve numa fam\u00edlia humilde. Desde muito cedo mostrou uma \u00a0\u201cqueda\u201d fant\u00e1stica para o neg\u00f3cio. Vendeu carac\u00f3is, aguarelas, foi ascensorista no Hotel Tivoli em Lisboa. Depois voluntariou-se para a Marinha onde esteve 4 anos. Ap\u00f3s o 25 de Abril viu-se sem alguns bens mas rapidamente recuperou e tornou-se um empres\u00e1rio de grande sucesso no ramo das \u00e1guas.<\/p>\n<p>Chegou a presidente do Sporting em Julho de 1989 (elei\u00e7\u00f5es participad\u00edssimas) numa altura em que os le\u00f5es viviam uma das suas maiores crises de sempre na sequ\u00eancia da presid\u00eancia de Jorge Gon\u00e7alves, e por l\u00e1 permaneceu at\u00e9 Junho de 1995.<\/p>\n<p>Construiu grandes equipas de futebol mas nunca conseguiu ganhar um \u00fanico t\u00edtulo oficial \u2013 mesmo a Ta\u00e7a de Portugal conquistada em 1995 aconteceu alguns dias depois de ter sa\u00eddo da presid\u00eancia \u2013 para onde entrou Pedro Santana Lopes. Nas outras modalidades o clube teve grandes sucessos. Com ele o Sporting ganhou 5 Ta\u00e7as dos Campe\u00f5es Europeus de Crosse, uma Ta\u00e7a das Ta\u00e7as de H\u00f3quei em Patins, come\u00e7ou a pontificar no Futsal, teve o seu melhor per\u00edodo de sempre no Voleibol e consolidou o dom\u00ednio no T\u00e9nis de Mesa, entre outros cometimentos.<\/p>\n<p>Muito ambicioso, e focando-nos no Futebol. come\u00e7ou por ter um papel decisivo em segurar \u201cas j\u00f3ias da coroa\u201d \u2013 Figo e Peixe, que, ao que constava, estariam a caminho do Benfica.<\/p>\n<p>Depois, durante os seus mandatos, contratou para o Sporting nomes \u00a0com algum \u201cpeso\u201d nacional e internacional (Ivkovic, Gomes, Luizinho, Balakov, Yordanov, Valckx, Juskowiak, Paulo Sousa, Pacheco, Vujacic, Marco Aur\u00e9lio, Naybet e Amunike \u2013 entre outros) e tamb\u00e9m jovens com grandes perspetivas de futuro (como Filipe, Nelson, Capucho, Cherbakov, Costinha, S\u00e1 Pinto e Pedrosa). Fascinado pelos t\u00edtulos mundiais de sub-20 conquistados por Portugal em 1989 e 1991, tentou transportar esse \u201c\u00e9lan\u201d para o Sporting, e da\u00ed a contrata\u00e7\u00e3o de Carlos Queiroz em Dezembro de 1993, tendo para isso de despedir Bobby Robson. Antes j\u00e1 contratara treinadores como Manuel Jos\u00e9, Ra\u00fal \u00c1guas e Marinho Peres.<\/p>\n<p>O seu discurso fazia transparecer as suas origens humildes e para muitos n\u00e3o se adequava ao \u201cADN\u201d do Sporting. N\u00e3o tinha qualquer pejo em criticar quem quer que fosse, \u201ccomprou\u201d ou n\u00e3o recusou \u201cguerras\u201d com o Benfica e com as institui\u00e7\u00f5es que dirigem o futebol nacional.<\/p>\n<p>Foi um presidente do Sporting \u201c\u00e0 moda antiga\u201d &#8211; apaixonado, vibrante, facto que em largos anos seguintes (mais concretamente at\u00e9 \u00e0 elei\u00e7\u00e3o de Bruno de Carvalho &#8211; um presidente tamb\u00e9m &#8220;apaixonado&#8221;) causaram nostalgia em muitos s\u00f3cios e adeptos que viram o clube ser dirigido sem chama e sem paix\u00e3o\u2026<\/p>\n<p>Ganhou 2 Pr\u00e9mios Stromp na categoria \u201cDirigente\u201d em 1990 e 1993.<\/p>\n<p>Depois de sair do Sporting passou a ser mais notado pelos seus investimentos no ramo das cervejas.<\/p>\n<p>Anos mais tarde a sua postura em rela\u00e7\u00e3o ao Sporting dececionou muitos daqueles que admiravam a sua paix\u00e3o pelo clube, pois mostrou-se constantemente conivente com as dire\u00e7\u00f5es que praticamente levaram o clube \u00e0 ruina financeira e desportiva&#8230; No entanto, depois, tamb\u00e9m a sua voz se fez ouvir no apoio a Bruno de Carvalho, que &#8220;revolucionou&#8221; o clube marcando uma clara quebra, a todos os n\u00edveis, em rela\u00e7\u00e3o aos seus antecessores.<\/p>\n<p>Mais tarde foi um dos grandes cr\u00edticos de Bruno de Carvalho, e, em 2018, esteve a liderar a SAD numa Comiss\u00e3o de Gest\u00e3o entre a sa\u00edda de Bruno de Carvalho e a entrada de Frederico Varandas. Nesse per\u00edodo os maiores destaques foram o facto de ter conseguido que futebolistas como Bruno Fernandes, Bas Dost ou Battaglia (que tinham rescindido alegando justa causa) voltassem \u00e0 equipa. Tamb\u00e9m a contrata\u00e7\u00e3o (muito contestada) de Jos\u00e9 Peseiro para treinador foi algo muito relevante, e, claro, a verborreia constante, muitas vezes entrando em contradi\u00e7\u00e3o consigo pr\u00f3prio&#8230; mas Sousa Cintra \u00e9 mesmo assim.<\/p>\n<div class=\"tweetthis\" style=\"text-align:left;\"><p> <a target=\"_blank\" rel=\"nofollow\" class=\"tt\" href=\"http:\/\/twitter.com\/home\/?status=Sousa+Cintra+https%3A%2F%2Fis.gd%2FVAtIip\" title=\"Post to Twitter\"><img decoding=\"async\" class=\"nothumb\" src=\"http:\/\/www.sportingcanal.com\/wp-content\/plugins\/tweet-this\/icons\/en\/twitter\/tt-twitter6.png\" alt=\"Post to Twitter\" \/><\/a><\/p><\/div>","protected":false},"excerpt":{"rendered":"<p>Jos\u00e9 de Sousa Cintra nasceu a 26 de Outubro de 1944 em Raposeira \u2013 Algarve numa fam\u00edlia humilde. Desde muito cedo mostrou uma \u00a0\u201cqueda\u201d fant\u00e1stica para o neg\u00f3cio. Vendeu carac\u00f3is, aguarelas, foi ascensorista no Hotel Tivoli em Lisboa. Depois voluntariou-se para a Marinha onde esteve 4 anos. Ap\u00f3s o 25 de Abril viu-se sem alguns [&hellip;]<\/p>\n","protected":false},"author":1,"featured_media":11502,"comment_status":"open","ping_status":"open","sticky":false,"template":"","format":"standard","meta":{"_et_pb_use_builder":"","_et_pb_old_content":"","_et_gb_content_width":"","footnotes":""},"categories":[13],"tags":[34],"_links":{"self":[{"href":"https:\/\/www.sportingcanal.com\/index.php?rest_route=\/wp\/v2\/posts\/11481"}],"collection":[{"href":"https:\/\/www.sportingcanal.com\/index.php?rest_route=\/wp\/v2\/posts"}],"about":[{"href":"https:\/\/www.sportingcanal.com\/index.php?rest_route=\/wp\/v2\/types\/post"}],"author":[{"embeddable":true,"href":"https:\/\/www.sportingcanal.com\/index.php?rest_route=\/wp\/v2\/users\/1"}],"replies":[{"embeddable":true,"href":"https:\/\/www.sportingcanal.com\/index.php?rest_route=%2Fwp%2Fv2%2Fcomments&post=11481"}],"version-history":[{"count":22,"href":"https:\/\/www.sportingcanal.com\/index.php?rest_route=\/wp\/v2\/posts\/11481\/revisions"}],"predecessor-version":[{"id":39172,"href":"https:\/\/www.sportingcanal.com\/index.php?rest_route=\/wp\/v2\/posts\/11481\/revisions\/39172"}],"wp:featuredmedia":[{"embeddable":true,"href":"https:\/\/www.sportingcanal.com\/index.php?rest_route=\/wp\/v2\/media\/11502"}],"wp:attachment":[{"href":"https:\/\/www.sportingcanal.com\/index.php?rest_route=%2Fwp%2Fv2%2Fmedia&parent=11481"}],"wp:term":[{"taxonomy":"category","embeddable":true,"href":"https:\/\/www.sportingcanal.com\/index.php?rest_route=%2Fwp%2Fv2%2Fcategories&post=11481"},{"taxonomy":"post_tag","embeddable":true,"href":"https:\/\/www.sportingcanal.com\/index.php?rest_route=%2Fwp%2Fv2%2Ftags&post=11481"}],"curies":[{"name":"wp","href":"https:\/\/api.w.org\/{rel}","templated":true}]}}