{"id":1169,"date":"0205-01-15T16:55:01","date_gmt":"0205-01-15T15:55:01","guid":{"rendered":"http:\/\/www.sportingcanal.com\/?p=1169"},"modified":"2025-01-16T12:02:07","modified_gmt":"2025-01-16T11:02:07","slug":"carlos-manuel-a-experiencia-como-jogador-e-a-falta-dela-como-tecnico","status":"publish","type":"post","link":"https:\/\/www.sportingcanal.com\/?p=1169","title":{"rendered":"Carlos Manuel \u2013 A experi\u00eancia como jogador e a falta dela como t\u00e9cnico"},"content":{"rendered":"<p>Carlos Manuel Correia dos Santos nasceu a 15 de Janeiro de 1958 na Moita. Em crian\u00e7a era sportinguista, os seus \u00eddolos chamavam-se Damas e Peres. Come\u00e7ou muito cedo a paix\u00e3o pelo futebol iniciando-se na CUF e passando depois pelo Barreirense. Em 1978 foi contratado pelo Benfica e atingiu o pico da carreira.<\/p>\n<p>Era um centrocampista de muita garra, com boa t\u00e9cnica e excelente remate de meia dist\u00e2ncia.\u00a0Autor do golo que possibilitou \u00e0 Sele\u00e7\u00e3o Nacional marcar presen\u00e7a no Mundial de 1986 no M\u00e9xico (por isso ficou para sempre como o \u201cher\u00f3i de Estugarda\u201d) acabou \u201cescorra\u00e7ado\u201d do Benfica e encetou aventura no estrangeiro pelo Sion da Sui\u00e7a.<\/p>\n<p>Chegou a Alvalade no defeso de 1988 como uma das \u201cunhas\u201d de Jorge Gon\u00e7alves. Estreou-se oficialmente a 21 de Agosto num Leix\u00f5es-Sporting (0-2) para a 1\u00aa jornada do Campeonato e marcou pela 1\u00aa vez na rece\u00e7\u00e3o ao Sporting de Espinho (3-1) a 30 de Outubro. Nessa 1\u00aa temporada (sob o comando de Pedro Rocha, V\u00edtor Damas e Manuel Jos\u00e9) foi um dos jogadores mais utilizados da equipa realizando 37 jogos e apontando 4 golos, mas o sucesso coletivo n\u00e3o aconteceu&#8230; No ano seguinte at\u00e9 foi um dos capit\u00e3es, mas com a substitui\u00e7\u00e3o de Manuel Jos\u00e9 por Ra\u00fal \u00c1guas no comando t\u00e9cnico perdeu protagonismo acabando por rescindir ainda antes do final da \u00e9poca. Acabou acusando este \u00faltimo t\u00e9cnico de que \u201ccom ele s\u00f3 jogam os amigos\u201d.<\/p>\n<p>A sua \u00faltima partida foi realizada a 18 de Mar\u00e7o de 1990 \u2013 Sporting-Desp. Chaves (1-1)\u00a0No total esteve duas \u00e9pocas no Sporting realizando 56 jogos e marcando 5 golos.\u00a0Em Alvalade ganhou um Pr\u00e9mio Stromp, que confessou ter sido uma das maiores alegrias da sua vida desportiva.<\/p>\n<p>Esteve depois no Boavista e no Estoril, clube onde se iniciou como treinador. Passou posteriormente para o Salgueiros onde realizou um excelente trabalho, acabando por ser contratado para o Sporting por iniciativa de Jos\u00e9 Couceiro (na altura diretor desportivo), quando era um dos mais promissores treinadores de Portugal.\u00a0Chegou a Alvalade numa fase de grande instabilidade da equipa leonina, que nessa temporada (1997\/98) j\u00e1 contara 3 treinadores (Oct\u00e1vio Machado, Francisco Vital e Vicente Cantatore).<\/p>\n<p>Estreou-se a 5 de Janeiro de 1998 num Rio Ave-Sporting (0-0) para a 15\u00aa jornada do Campeonato e permaneceu at\u00e9 ao final da temporada com resultados muito insuficientes e sempre num ambiente adverso, pois teve problemas com alguns dos principais futebolistas do plantel. Acabou, ainda assim, por conseguir os \u201cservi\u00e7os m\u00ednimos\u201d ao apurar a equipa para as competi\u00e7\u00f5es europeias&#8230;<\/p>\n<p>Passou depois por v\u00e1rios clubes, destacando-se o t\u00edtulo de campe\u00e3o da 2\u00aa divis\u00e3o de honra pelo Santa Clara em 2001 (prosseguindo um trabalho iniciado por Manuel Fernandes \u2013 que entretanto saira para o Sporting).\u00a0Atualmente continua a treinar ao mesmo tempo que faz coment\u00e1rios para as televis\u00f5es.<\/p>\n<table border=\"1\" width=\"423\" cellspacing=\"0\" cellpadding=\"0\">\n<tbody>\n<tr>\n<td colspan=\"8\" valign=\"top\" width=\"423\"><strong>CARLOS MANUEL como treinador do SPORTING<\/strong><\/td>\n<\/tr>\n<tr>\n<td valign=\"top\" width=\"64\">\u00c9POCA<\/td>\n<td valign=\"top\" width=\"42\">J<\/td>\n<td valign=\"top\" width=\"53\">V<\/td>\n<td valign=\"top\" width=\"53\">E<\/td>\n<td valign=\"top\" width=\"53\">D<\/td>\n<td valign=\"top\" width=\"53\">GM<\/td>\n<td valign=\"top\" width=\"53\">GS<\/td>\n<td valign=\"top\" width=\"53\">%<\/td>\n<\/tr>\n<tr>\n<td valign=\"top\" width=\"64\">97\/98<\/td>\n<td valign=\"top\" width=\"42\">22<\/td>\n<td valign=\"top\" width=\"53\">10<\/td>\n<td valign=\"top\" width=\"53\">6<\/td>\n<td valign=\"top\" width=\"53\">6<\/td>\n<td valign=\"top\" width=\"53\">35<\/td>\n<td valign=\"top\" width=\"53\">27<\/td>\n<td valign=\"top\" width=\"53\">59,1%<\/td>\n<\/tr>\n<\/tbody>\n<\/table>\n<div class=\"tweetthis\" style=\"text-align:left;\"><p> <a target=\"_blank\" rel=\"nofollow\" class=\"tt\" href=\"http:\/\/twitter.com\/home\/?status=Carlos+Manuel+%E2%80%93+A+experi%C3%AAncia+como+jogador+e+a+falta+dela+como+t%C3%A9cnico+https%3A%2F%2Fis.gd%2F0k8ryG\" title=\"Post to Twitter\"><img decoding=\"async\" class=\"nothumb\" src=\"http:\/\/www.sportingcanal.com\/wp-content\/plugins\/tweet-this\/icons\/en\/twitter\/tt-twitter6.png\" alt=\"Post to Twitter\" \/><\/a><\/p><\/div>","protected":false},"excerpt":{"rendered":"<p>Carlos Manuel Correia dos Santos nasceu a 15 de Janeiro de 1958 na Moita. Em crian\u00e7a era sportinguista, os seus \u00eddolos chamavam-se Damas e Peres. Come\u00e7ou muito cedo a paix\u00e3o pelo futebol iniciando-se na CUF e passando depois pelo Barreirense. Em 1978 foi contratado pelo Benfica e atingiu o pico da carreira. Era um centrocampista [&hellip;]<\/p>\n","protected":false},"author":1,"featured_media":1170,"comment_status":"open","ping_status":"open","sticky":false,"template":"","format":"standard","meta":{"_et_pb_use_builder":"","_et_pb_old_content":"","_et_gb_content_width":"","footnotes":""},"categories":[63],"tags":[162,8,64,27],"_links":{"self":[{"href":"https:\/\/www.sportingcanal.com\/index.php?rest_route=\/wp\/v2\/posts\/1169"}],"collection":[{"href":"https:\/\/www.sportingcanal.com\/index.php?rest_route=\/wp\/v2\/posts"}],"about":[{"href":"https:\/\/www.sportingcanal.com\/index.php?rest_route=\/wp\/v2\/types\/post"}],"author":[{"embeddable":true,"href":"https:\/\/www.sportingcanal.com\/index.php?rest_route=\/wp\/v2\/users\/1"}],"replies":[{"embeddable":true,"href":"https:\/\/www.sportingcanal.com\/index.php?rest_route=%2Fwp%2Fv2%2Fcomments&post=1169"}],"version-history":[{"count":23,"href":"https:\/\/www.sportingcanal.com\/index.php?rest_route=\/wp\/v2\/posts\/1169\/revisions"}],"predecessor-version":[{"id":39512,"href":"https:\/\/www.sportingcanal.com\/index.php?rest_route=\/wp\/v2\/posts\/1169\/revisions\/39512"}],"wp:featuredmedia":[{"embeddable":true,"href":"https:\/\/www.sportingcanal.com\/index.php?rest_route=\/wp\/v2\/media\/1170"}],"wp:attachment":[{"href":"https:\/\/www.sportingcanal.com\/index.php?rest_route=%2Fwp%2Fv2%2Fmedia&parent=1169"}],"wp:term":[{"taxonomy":"category","embeddable":true,"href":"https:\/\/www.sportingcanal.com\/index.php?rest_route=%2Fwp%2Fv2%2Fcategories&post=1169"},{"taxonomy":"post_tag","embeddable":true,"href":"https:\/\/www.sportingcanal.com\/index.php?rest_route=%2Fwp%2Fv2%2Ftags&post=1169"}],"curies":[{"name":"wp","href":"https:\/\/api.w.org\/{rel}","templated":true}]}}