{"id":11695,"date":"2025-10-10T08:30:40","date_gmt":"2025-10-10T07:30:40","guid":{"rendered":"http:\/\/www.sportingcanal.com\/?p=11695"},"modified":"2025-10-11T22:49:36","modified_gmt":"2025-10-11T21:49:36","slug":"sandor-peics","status":"publish","type":"post","link":"https:\/\/www.sportingcanal.com\/?p=11695","title":{"rendered":"S\u00e1ndor Peics \u2013 V\u00edtima da retirada de Peyroteo\u2026"},"content":{"rendered":"<p>S\u00e1ndor Peics nasceu a 10 de Outubro de 1899 em P\u00e9cs &#8211; Hungria. Como futebolista destacou-se no Ujpest e Verona, chegando inclusivamente a jogar pela fort\u00edssima (na altura) Sele\u00e7\u00e3o do seu pa\u00eds. Mais tarde assumiu-se como treinador percorrendo v\u00e1rios clubes e pa\u00edses. Cozenza, Verona, Perugia, FC Chaux-de-Fonds, Belenenses (Campe\u00e3o Regional em 1944) e Vit\u00f3ria de Set\u00fabal foram alguns locais por onde passou antes de chegar ao Sporting numa altura em que os le\u00f5es eram tricampe\u00f5es Nacionais &#8211; e substituindo o j\u00e1 consagrado C\u00e2ndido de Oliveira que tinha partido para novas aventuras.<\/p>\n<p>Peics (que manteve o adjunto de C\u00e2ndido &#8211; Fernando Vaz) apanhou a equipa do Sporting \u201corf\u00e3\u201d de Peyroteo, uma situa\u00e7\u00e3o muito dif\u00edcil de gerir, embora a 1\u00aa tentativa para substituir o maior goleador de sempre do futebol mundial at\u00e9 tenha em parte resultado\u00a0 &#8211; Wilson fez 22 golos em 21 jogos \u2013 mas Peyroteo s\u00f3 houve um e a sua efic\u00e1cia transcendia todos os par\u00e2metros habituais\u2026 Por outro lado, Travassos andou grande parte da temporada lesionado\u2026<\/p>\n<p>O h\u00fangaro estreou-se oficialmente a 9 de Outubro de 1949 com um triunfo em casa por 3-1 sobre o Lusitano VRSA para a 1\u00aa jornada do Campeonato Nacional. Numa temporada em que a \u00fanica competi\u00e7\u00e3o oficial em disputa foi mesmo o Campeonato, o Sporting come\u00e7ou a perder terreno com as derrotas frente a Porto e Benfica na 1\u00aa volta, e as \u201cdesforras\u201d conseguidas na 2\u00aa j\u00e1 n\u00e3o vieram a tempo para conseguir conquistar o Campeonato, at\u00e9 porque os le\u00f5es cederam inesperadamente perante Vit\u00f3ria de Set\u00fabal, Lusitano VRSA, Atl\u00e9tico CP e Belenenses\u2026 No final\u00a0 o melhor que se conseguiu foi um 2\u00ba lugar a 6 pontos do Benfica\u2026<\/p>\n<p>Depois de 3 \u00e9pocas de tanto sucesso, este 2\u00ba lugar soube a pouco e por isso S\u00e1ndor Peics acabou por ser dispensado pelo presidente Ribeiro Ferreira. No seu curr\u00edculo no Sporting ficou a conquista da Ta\u00e7a Prepara\u00e7\u00e3o (em in\u00edcio de \u00e9poca \u2013 nos \u00faltimos jogos de Peyroteo pelo clube) e o lan\u00e7amento na equipa principal de homens como Rola, Wilson, Juca ou Carlos Leandro.<\/p>\n<p>Orientou o Sporting pela \u00faltima vez a 7 de Maio de 1950 numa triunfo em casa por 5-1 sobre o Vit\u00f3ria de Guimar\u00e3es na derradeira jornada do Campeonato.<\/p>\n<p>A sua carreira continuou, passando por outros clubes portugueses como o Belenenses, Vit\u00f3ria de Guimar\u00e3es ou o Sporting de Braga.<\/p>\n<table border=\"1\" width=\"366\" cellspacing=\"0\" cellpadding=\"0\">\n<tbody>\n<tr>\n<td colspan=\"8\" valign=\"top\" width=\"366\"><strong>S\u00c1NDOR PEICS como treinador do SPORTING<\/strong><\/td>\n<\/tr>\n<tr>\n<td valign=\"top\" width=\"73\">\u00c9POCA<\/td>\n<td valign=\"top\" width=\"38\">J<\/td>\n<td valign=\"top\" width=\"38\">V<\/td>\n<td valign=\"top\" width=\"38\">E<\/td>\n<td valign=\"top\" width=\"38\">D<\/td>\n<td valign=\"top\" width=\"38\">GM<\/td>\n<td valign=\"top\" width=\"38\">GS<\/td>\n<td valign=\"top\" width=\"66\">%<\/td>\n<\/tr>\n<tr>\n<td valign=\"top\" width=\"73\">1949\/50<\/td>\n<td valign=\"top\" width=\"38\">26<\/td>\n<td valign=\"top\" width=\"38\">19<\/td>\n<td valign=\"top\" width=\"38\">1<\/td>\n<td valign=\"top\" width=\"38\">6<\/td>\n<td valign=\"top\" width=\"38\">91<\/td>\n<td valign=\"top\" width=\"38\">35<\/td>\n<td valign=\"top\" width=\"66\">75<\/td>\n<\/tr>\n<\/tbody>\n<\/table>\n<div class=\"tweetthis\" style=\"text-align:left;\"><p> <a target=\"_blank\" rel=\"nofollow\" class=\"tt\" href=\"http:\/\/twitter.com\/home\/?status=S%C3%A1ndor+Peics+%E2%80%93+V%C3%ADtima+da+retirada+de+Peyroteo%E2%80%A6+https%3A%2F%2Fis.gd%2FOr1FVc\" title=\"Post to Twitter\"><img decoding=\"async\" class=\"nothumb\" src=\"http:\/\/www.sportingcanal.com\/wp-content\/plugins\/tweet-this\/icons\/en\/twitter\/tt-twitter6.png\" alt=\"Post to Twitter\" \/><\/a><\/p><\/div>","protected":false},"excerpt":{"rendered":"<p>S\u00e1ndor Peics nasceu a 10 de Outubro de 1899 em P\u00e9cs &#8211; Hungria. Como futebolista destacou-se no Ujpest e Verona, chegando inclusivamente a jogar pela fort\u00edssima (na altura) Sele\u00e7\u00e3o do seu pa\u00eds. Mais tarde assumiu-se como treinador percorrendo v\u00e1rios clubes e pa\u00edses. Cozenza, Verona, Perugia, FC Chaux-de-Fonds, Belenenses (Campe\u00e3o Regional em 1944) e Vit\u00f3ria de [&hellip;]<\/p>\n","protected":false},"author":1,"featured_media":39068,"comment_status":"open","ping_status":"open","sticky":false,"template":"","format":"standard","meta":{"_et_pb_use_builder":"","_et_pb_old_content":"","_et_gb_content_width":"","footnotes":""},"categories":[63],"tags":[8,27],"_links":{"self":[{"href":"https:\/\/www.sportingcanal.com\/index.php?rest_route=\/wp\/v2\/posts\/11695"}],"collection":[{"href":"https:\/\/www.sportingcanal.com\/index.php?rest_route=\/wp\/v2\/posts"}],"about":[{"href":"https:\/\/www.sportingcanal.com\/index.php?rest_route=\/wp\/v2\/types\/post"}],"author":[{"embeddable":true,"href":"https:\/\/www.sportingcanal.com\/index.php?rest_route=\/wp\/v2\/users\/1"}],"replies":[{"embeddable":true,"href":"https:\/\/www.sportingcanal.com\/index.php?rest_route=%2Fwp%2Fv2%2Fcomments&post=11695"}],"version-history":[{"count":23,"href":"https:\/\/www.sportingcanal.com\/index.php?rest_route=\/wp\/v2\/posts\/11695\/revisions"}],"predecessor-version":[{"id":39070,"href":"https:\/\/www.sportingcanal.com\/index.php?rest_route=\/wp\/v2\/posts\/11695\/revisions\/39070"}],"wp:featuredmedia":[{"embeddable":true,"href":"https:\/\/www.sportingcanal.com\/index.php?rest_route=\/wp\/v2\/media\/39068"}],"wp:attachment":[{"href":"https:\/\/www.sportingcanal.com\/index.php?rest_route=%2Fwp%2Fv2%2Fmedia&parent=11695"}],"wp:term":[{"taxonomy":"category","embeddable":true,"href":"https:\/\/www.sportingcanal.com\/index.php?rest_route=%2Fwp%2Fv2%2Fcategories&post=11695"},{"taxonomy":"post_tag","embeddable":true,"href":"https:\/\/www.sportingcanal.com\/index.php?rest_route=%2Fwp%2Fv2%2Ftags&post=11695"}],"curies":[{"name":"wp","href":"https:\/\/api.w.org\/{rel}","templated":true}]}}