{"id":11701,"date":"2025-10-07T10:00:26","date_gmt":"2025-10-07T09:00:26","guid":{"rendered":"http:\/\/www.sportingcanal.com\/?p=11701"},"modified":"2025-10-07T13:47:16","modified_gmt":"2025-10-07T12:47:16","slug":"estela-de-carvalho-brilha-na-natacao","status":"publish","type":"post","link":"https:\/\/www.sportingcanal.com\/?p=11701","title":{"rendered":"1926 &#8211; Estela de Carvalho brilha na Nata\u00e7\u00e3o"},"content":{"rendered":"<p>Em 1926, na Nata\u00e7\u00e3o, Estela de Carvalho, que abra\u00e7ara h\u00e1 pouco a \u201ccausa leonina\u201d, brilhava a grande altura, vencendo com grande classe as provas curtas, conseguindo os primeiros t\u00edtulos nacionais femininos da Hist\u00f3ria do Sporting (100m livres e 200m bru\u00e7os).<\/p>\n<p>Tamb\u00e9m no Festival do Estoril, prova de grande prest\u00edgio, Estela foi a mais r\u00e1pida, vencendo sem contempla\u00e7\u00f5es a corrida de 50m livres. Nos homens M\u00e1rio da Silva Marques, um portento de for\u00e7a, foi Campe\u00e3o Nacional dos 100m costas, para al\u00e9m de, no j\u00e1 referido Festival do Estoril, ter triunfado na corrida de pernas atadas(!)<\/p>\n<p>Fernando Fel\u00edcio destacava-se nos saltos para a \u00e1gua, onde conseguiu obter os t\u00edtulos de Campe\u00e3o Regional e nacional.<\/p>\n<p>Ainda nos desportos n\u00e1uticos, os sportinguistas venceram a prestigiada Ta\u00e7a Zamb\u00e9zia, uma prova de estafetas de grande proje\u00e7\u00e3o. Esteban Torok, Ant\u00f3nio Soares, Ant\u00f3nio Silva, Fernando Fel\u00edcio e Alexandre Coelho da Costa foram os her\u00f3is.<\/p>\n<div class=\"tweetthis\" style=\"text-align:left;\"><p> <a target=\"_blank\" rel=\"nofollow\" class=\"tt\" href=\"http:\/\/twitter.com\/home\/?status=1926+%E2%80%93+Estela+de+Carvalho+brilha+na+Nata%C3%A7%C3%A3o+https%3A%2F%2Fis.gd%2FR2Yd7j\" title=\"Post to Twitter\"><img decoding=\"async\" class=\"nothumb\" src=\"http:\/\/www.sportingcanal.com\/wp-content\/plugins\/tweet-this\/icons\/en\/twitter\/tt-twitter6.png\" alt=\"Post to Twitter\" \/><\/a><\/p><\/div>","protected":false},"excerpt":{"rendered":"<p>Em 1926, na Nata\u00e7\u00e3o, Estela de Carvalho, que abra\u00e7ara h\u00e1 pouco a \u201ccausa leonina\u201d, brilhava a grande altura, vencendo com grande classe as provas curtas, conseguindo os primeiros t\u00edtulos nacionais femininos da Hist\u00f3ria do Sporting (100m livres e 200m bru\u00e7os). Tamb\u00e9m no Festival do Estoril, prova de grande prest\u00edgio, Estela foi a mais r\u00e1pida, vencendo [&hellip;]<\/p>\n","protected":false},"author":1,"featured_media":39032,"comment_status":"open","ping_status":"open","sticky":false,"template":"","format":"standard","meta":{"_et_pb_use_builder":"","_et_pb_old_content":"","_et_gb_content_width":"","footnotes":""},"categories":[4],"tags":[33],"_links":{"self":[{"href":"https:\/\/www.sportingcanal.com\/index.php?rest_route=\/wp\/v2\/posts\/11701"}],"collection":[{"href":"https:\/\/www.sportingcanal.com\/index.php?rest_route=\/wp\/v2\/posts"}],"about":[{"href":"https:\/\/www.sportingcanal.com\/index.php?rest_route=\/wp\/v2\/types\/post"}],"author":[{"embeddable":true,"href":"https:\/\/www.sportingcanal.com\/index.php?rest_route=\/wp\/v2\/users\/1"}],"replies":[{"embeddable":true,"href":"https:\/\/www.sportingcanal.com\/index.php?rest_route=%2Fwp%2Fv2%2Fcomments&post=11701"}],"version-history":[{"count":17,"href":"https:\/\/www.sportingcanal.com\/index.php?rest_route=\/wp\/v2\/posts\/11701\/revisions"}],"predecessor-version":[{"id":39033,"href":"https:\/\/www.sportingcanal.com\/index.php?rest_route=\/wp\/v2\/posts\/11701\/revisions\/39033"}],"wp:featuredmedia":[{"embeddable":true,"href":"https:\/\/www.sportingcanal.com\/index.php?rest_route=\/wp\/v2\/media\/39032"}],"wp:attachment":[{"href":"https:\/\/www.sportingcanal.com\/index.php?rest_route=%2Fwp%2Fv2%2Fmedia&parent=11701"}],"wp:term":[{"taxonomy":"category","embeddable":true,"href":"https:\/\/www.sportingcanal.com\/index.php?rest_route=%2Fwp%2Fv2%2Fcategories&post=11701"},{"taxonomy":"post_tag","embeddable":true,"href":"https:\/\/www.sportingcanal.com\/index.php?rest_route=%2Fwp%2Fv2%2Ftags&post=11701"}],"curies":[{"name":"wp","href":"https:\/\/api.w.org\/{rel}","templated":true}]}}