{"id":11813,"date":"2025-11-08T08:00:10","date_gmt":"2025-11-08T07:00:10","guid":{"rendered":"http:\/\/www.sportingcanal.com\/?p=11813"},"modified":"2025-11-09T22:12:16","modified_gmt":"2025-11-09T21:12:16","slug":"carlos-jorge","status":"publish","type":"post","link":"https:\/\/www.sportingcanal.com\/?p=11813","title":{"rendered":"Carlos Jorge \u2013 Um central forte fisicamente"},"content":{"rendered":"<p>Carlos Jorge Camacho Dantas nasceu a 8 de Novembro de 1966 no Funchal. Depois de ter feito quase toda a forma\u00e7\u00e3o no Barreirense da sua cidade chegou ao Mar\u00edtimo ainda j\u00fanior, e l\u00e1 encetou um trajeto interessante (com 1 \u00fanico ano de interrup\u00e7\u00e3o no Uni\u00e3o da Madeira), chegando a capit\u00e3o da equipa e mostrando-se um defesa-central pujante e eficaz no jogo a\u00e9reo.<\/p>\n<p>Com alguma naturalidade acabou por despertar o interesse do Sporting de Sousa Cintra, que tinha ficado sem Ven\u00e2ncio e Luizinho (os dois centrais titulares da \u00e9poca anterior).<\/p>\n<p>Estreou-se oficialmente (com o treinador Bobby Robson) a 22 de Agosto de 1992 num Sporting-Tirsense (0-0) da 1\u00aa jornada do Campeonato Nacional mas n\u00e3o se fixou na equipa, pois o t\u00e9cnico ingl\u00eas preferiu Peixe e Pedro Barny (outra aquisi\u00e7\u00e3o, proveniente do Boavista). Ainda assim realizou 13 jogos.<\/p>\n<p>Na temporada seguinte voltou a jogar pouco (agora a op\u00e7\u00e3o mais habitual recaiu na dupla Valckx-Vujacic), aparecendo apenas com algum destaque j\u00e1 em final de \u00e9poca. A 2 de Junho de 1994 fez 2 golos no jogo da \u00faltima jornada do Campeonato frente ao Pa\u00e7os de Ferreira (3-1), e foram mesmo esses os seus \u00fanicos golos de verde e branco. Alinhou pela \u00faltima vez 8 dias depois, na final\u00edssima da Ta\u00e7a de Portugal perdida frente ao FC Porto por 2-1 no prolongamento.<\/p>\n<p>Totalizou duas \u00e9pocas, 29 jogos oficiais e 2 golos pelo Sporting.<\/p>\n<p>Regressou ent\u00e3o ao Mar\u00edtimo onde fez v\u00e1rias \u00e9pocas mais, acabando a carreira em 2001 e ficando ligado ao clube.<\/p>\n<div class=\"tweetthis\" style=\"text-align:left;\"><p> <a target=\"_blank\" rel=\"nofollow\" class=\"tt\" href=\"http:\/\/twitter.com\/home\/?status=Carlos+Jorge+%E2%80%93+Um+central+forte+fisicamente+https%3A%2F%2Fis.gd%2FvWVDGg\" title=\"Post to Twitter\"><img decoding=\"async\" class=\"nothumb\" src=\"http:\/\/www.sportingcanal.com\/wp-content\/plugins\/tweet-this\/icons\/en\/twitter\/tt-twitter6.png\" alt=\"Post to Twitter\" \/><\/a><\/p><\/div>","protected":false},"excerpt":{"rendered":"<p>Carlos Jorge Camacho Dantas nasceu a 8 de Novembro de 1966 no Funchal. Depois de ter feito quase toda a forma\u00e7\u00e3o no Barreirense da sua cidade chegou ao Mar\u00edtimo ainda j\u00fanior, e l\u00e1 encetou um trajeto interessante (com 1 \u00fanico ano de interrup\u00e7\u00e3o no Uni\u00e3o da Madeira), chegando a capit\u00e3o da equipa e mostrando-se um [&hellip;]<\/p>\n","protected":false},"author":1,"featured_media":11814,"comment_status":"open","ping_status":"open","sticky":false,"template":"","format":"standard","meta":{"_et_pb_use_builder":"","_et_pb_old_content":"","_et_gb_content_width":"","footnotes":""},"categories":[63],"tags":[65],"_links":{"self":[{"href":"https:\/\/www.sportingcanal.com\/index.php?rest_route=\/wp\/v2\/posts\/11813"}],"collection":[{"href":"https:\/\/www.sportingcanal.com\/index.php?rest_route=\/wp\/v2\/posts"}],"about":[{"href":"https:\/\/www.sportingcanal.com\/index.php?rest_route=\/wp\/v2\/types\/post"}],"author":[{"embeddable":true,"href":"https:\/\/www.sportingcanal.com\/index.php?rest_route=\/wp\/v2\/users\/1"}],"replies":[{"embeddable":true,"href":"https:\/\/www.sportingcanal.com\/index.php?rest_route=%2Fwp%2Fv2%2Fcomments&post=11813"}],"version-history":[{"count":21,"href":"https:\/\/www.sportingcanal.com\/index.php?rest_route=\/wp\/v2\/posts\/11813\/revisions"}],"predecessor-version":[{"id":39220,"href":"https:\/\/www.sportingcanal.com\/index.php?rest_route=\/wp\/v2\/posts\/11813\/revisions\/39220"}],"wp:featuredmedia":[{"embeddable":true,"href":"https:\/\/www.sportingcanal.com\/index.php?rest_route=\/wp\/v2\/media\/11814"}],"wp:attachment":[{"href":"https:\/\/www.sportingcanal.com\/index.php?rest_route=%2Fwp%2Fv2%2Fmedia&parent=11813"}],"wp:term":[{"taxonomy":"category","embeddable":true,"href":"https:\/\/www.sportingcanal.com\/index.php?rest_route=%2Fwp%2Fv2%2Fcategories&post=11813"},{"taxonomy":"post_tag","embeddable":true,"href":"https:\/\/www.sportingcanal.com\/index.php?rest_route=%2Fwp%2Fv2%2Ftags&post=11813"}],"curies":[{"name":"wp","href":"https:\/\/api.w.org\/{rel}","templated":true}]}}