{"id":11817,"date":"2025-10-22T09:00:19","date_gmt":"2025-10-22T08:00:19","guid":{"rendered":"http:\/\/www.sportingcanal.com\/?p=11817"},"modified":"2025-10-22T16:33:59","modified_gmt":"2025-10-22T15:33:59","slug":"deivid-credenciado-no-seu-pais-faltou-lhe-tempo-em-alvalade","status":"publish","type":"post","link":"https:\/\/www.sportingcanal.com\/?p=11817","title":{"rendered":"Deivid \u2013 Credenciado no seu pa\u00eds, faltou-lhe tempo no Alvalade\u2026"},"content":{"rendered":"<p>Deivid de Sousa nasceu a 22 de Outubro de 1979 em Nova Igua\u00e7u \u2013 Brasil. Depois de se iniciar no clube local, encetou um percurso ascendente como futebolista que passou pelo Santos, Corinthians, Cruzeiro (onde foi campe\u00e3o nacional), Borde\u00fas e de novo Santos (onde foi de novo campe\u00e3o brasileiro, ao lado de Robinho).<\/p>\n<p>Chegou ao Sporting no defeso de 2005 e suscitou grandes expetativas entre os sportinguistas pois acreditava-se que poderia fazer uma dupla fant\u00e1stica com Liedson.<\/p>\n<p>Estreou-se oficialmente (com o treinador Jos\u00e9 Peseiro) a 10 de Agosto numa rece\u00e7\u00e3o \u00e0 Udinese (0-1) para a pr\u00e9-eliminat\u00f3ria de acesso \u00e0 Liga dos Campe\u00f5es. Marcou pela 1\u00aa vez logo na jornada inaugural do Campeonato num triunfo por 2-1 sobre o Belenenses. Apesar de parecer um pouco pesado e lento, os seus atributos t\u00e9cnicos eram ineg\u00e1veis, e acabou por ser muitas vezes titular, marcando presen\u00e7a em 33 jogos (8 golos marcados).<\/p>\n<p>Ap\u00f3s a \u00e9poca de adapta\u00e7\u00e3o esperava-se muito dele no ano seguinte, mas depois de ter marcado 2 golos num triunfo por 3-2 sobre o Boavista no 1\u00ba jogo da \u00e9poca, caiu nos sportinguistas como um \u201camargo de boca\u201d a not\u00edcia de que estava vendido ao Fenerbah\u00e7e da Turquia por cerca de 4,5 milh\u00f5es de euros\u2026 Ficou-se por a\u00ed o seu trajeto de verde e branco, no qual totalizou 34 jogos oficiais e 10 golos.<\/p>\n<p>De verde e branco provou ser um futebolista com bom n\u00edvel t\u00e9cnico, um atacante de categoria, embora lhe faltasse maior engodo pelas balizas contr\u00e1rias &#8211; e a prova disso \u00e9 a sua relativamente baixa m\u00e9dia de golos marcados para um ponta-de-lan\u00e7a de equipa grande.<\/p>\n<p>Na Turquia (onde foi Campe\u00e3o) fez um bom percurso durante 5 anos. Depois regressou ao seu pa\u00eds para representar o Flamengo e mais tarde o Curitiba onde terminou a carreira em 2014.<\/p>\n<div class=\"tweetthis\" style=\"text-align:left;\"><p> <a target=\"_blank\" rel=\"nofollow\" class=\"tt\" href=\"http:\/\/twitter.com\/home\/?status=Deivid+%E2%80%93+Credenciado+no+seu+pa%C3%ADs%2C+faltou-lhe+tempo+no+Alvalade%E2%80%A6+https%3A%2F%2Fis.gd%2FnWInkV\" title=\"Post to Twitter\"><img decoding=\"async\" class=\"nothumb\" src=\"http:\/\/www.sportingcanal.com\/wp-content\/plugins\/tweet-this\/icons\/en\/twitter\/tt-twitter6.png\" alt=\"Post to Twitter\" \/><\/a><\/p><\/div>","protected":false},"excerpt":{"rendered":"<p>Deivid de Sousa nasceu a 22 de Outubro de 1979 em Nova Igua\u00e7u \u2013 Brasil. Depois de se iniciar no clube local, encetou um percurso ascendente como futebolista que passou pelo Santos, Corinthians, Cruzeiro (onde foi campe\u00e3o nacional), Borde\u00fas e de novo Santos (onde foi de novo campe\u00e3o brasileiro, ao lado de Robinho). Chegou ao [&hellip;]<\/p>\n","protected":false},"author":1,"featured_media":11818,"comment_status":"open","ping_status":"open","sticky":false,"template":"","format":"standard","meta":{"_et_pb_use_builder":"","_et_pb_old_content":"","_et_gb_content_width":"","footnotes":""},"categories":[63],"tags":[66],"_links":{"self":[{"href":"https:\/\/www.sportingcanal.com\/index.php?rest_route=\/wp\/v2\/posts\/11817"}],"collection":[{"href":"https:\/\/www.sportingcanal.com\/index.php?rest_route=\/wp\/v2\/posts"}],"about":[{"href":"https:\/\/www.sportingcanal.com\/index.php?rest_route=\/wp\/v2\/types\/post"}],"author":[{"embeddable":true,"href":"https:\/\/www.sportingcanal.com\/index.php?rest_route=\/wp\/v2\/users\/1"}],"replies":[{"embeddable":true,"href":"https:\/\/www.sportingcanal.com\/index.php?rest_route=%2Fwp%2Fv2%2Fcomments&post=11817"}],"version-history":[{"count":23,"href":"https:\/\/www.sportingcanal.com\/index.php?rest_route=\/wp\/v2\/posts\/11817\/revisions"}],"predecessor-version":[{"id":39148,"href":"https:\/\/www.sportingcanal.com\/index.php?rest_route=\/wp\/v2\/posts\/11817\/revisions\/39148"}],"wp:featuredmedia":[{"embeddable":true,"href":"https:\/\/www.sportingcanal.com\/index.php?rest_route=\/wp\/v2\/media\/11818"}],"wp:attachment":[{"href":"https:\/\/www.sportingcanal.com\/index.php?rest_route=%2Fwp%2Fv2%2Fmedia&parent=11817"}],"wp:term":[{"taxonomy":"category","embeddable":true,"href":"https:\/\/www.sportingcanal.com\/index.php?rest_route=%2Fwp%2Fv2%2Fcategories&post=11817"},{"taxonomy":"post_tag","embeddable":true,"href":"https:\/\/www.sportingcanal.com\/index.php?rest_route=%2Fwp%2Fv2%2Ftags&post=11817"}],"curies":[{"name":"wp","href":"https:\/\/api.w.org\/{rel}","templated":true}]}}