{"id":11845,"date":"2025-11-24T08:00:06","date_gmt":"2025-11-24T07:00:06","guid":{"rendered":"http:\/\/www.sportingcanal.com\/?p=11845"},"modified":"2025-11-24T15:56:11","modified_gmt":"2025-11-24T14:56:11","slug":"marinho-lateral-direito-de-fibra-100-made-in-sporting","status":"publish","type":"post","link":"https:\/\/www.sportingcanal.com\/?p=11845","title":{"rendered":"Marinho \u2013 Lateral-direito de \u201cfibra\u201d 100% \u201cmade in\u201d Sporting"},"content":{"rendered":"<p>M\u00e1rio Teixeira da Costa (conhecido por Marinho nos meios futebol\u00edsticos) nasceu a 24 de Novembro de 1970 em Sengen \u2013 Alemanha. Com apenas 8 meses veio para Portugal e aos 13 anos iniciou o seu percurso na forma\u00e7\u00e3o, sempre no Sporting.<\/p>\n<p>Estreou-se oficialmente (com o treinador V\u00edtor Damas) a 8 de Mar\u00e7o de 1989 numa rece\u00e7\u00e3o ao Vizela para a Ta\u00e7a de Portugal (4-1), alinhando no meio-campo, e essa seria mesmo a sua \u00fanica apari\u00e7\u00e3o da temporada. Na \u00e9poca seguinte come\u00e7ou a jogar mais vezes (15 presen\u00e7as) e na parte final, com Ra\u00fal \u00c1guas, passou a ser utilizado na posi\u00e7\u00e3o em que mais se viria a notabilizar \u2013 defesa-direito, sucedendo a Jo\u00e3o Lu\u00eds, um brasileiro de bom n\u00edvel.<\/p>\n<p>Para 1990\/91 chegou Marinho Peres, e o seu hom\u00f3nimo voltou a estar a maior parte do tempo no banco e na bancada, at\u00e9 porque Carlos Xavier passou a ser aposta consistente para a lateral-direita, mas no ano seguinte tudo mudou &#8211; Marinho imp\u00f4s-se definitivamente e foi o jogador mais utilizado como defesa-direito, mostrando-se um elemento muito pendular e com muita \u201cfibra\u201d.<\/p>\n<p>Com a chegada de Bobby Robson houve, em 1992\/93, uma grande disputa entre Marinho e Nelson (um Campe\u00e3o do Mundo de sub-20 entretanto chegado) pela titularidade. Ainda assim Marinho voltou a ser o mais utilizado (24 presen\u00e7as), o mesmo n\u00e3o acontecendo na \u00e9poca seguinte, pois Carlos Queiroz apostou claramente em Nelson e as suas raras apari\u00e7\u00f5es aconteceram mais no meio-campo. 1994\/95 acabou por ser a sua \u00faltima \u00e9poca no clube, tendo feito apenas 1 jogo (o \u00faltimo de verde e branco), na Ta\u00e7a de Portugal (a 4 de Dezembro de 1994 \u2013 1-0 ao Sp. Espinho) , competi\u00e7\u00e3o que os le\u00f5es viriam a vencer e que acabou por ser o seu \u00fanico t\u00edtulo de verde e branco.<\/p>\n<p>Assim, totalizou 7 \u00e9pocas na equipa principal do Sporting, tendo realizado 81 jogos oficiais (sem golos marcados). No final da sua estada em Alvalade ficou a convic\u00e7\u00e3o de que poderia ter tido muito maior destaque se n\u00e3o tivesse tido a infelicidade de \u201capanhar\u201d o t\u00e9cnico Carlos Queiroz, que claramente n\u00e3o o apreciava\u2026<\/p>\n<p>Ainda no que respeita a golos refira-se, por curiosidade, que o \u00fanico golo de Marinho como senior do Sporting aconteceu num amig\u00e1vel realizado em Alvalade a 3 de Fevereiro de 1990 (4-4 frente ao CSKA de S\u00f3fia).<\/p>\n<p>Sem ser utilizado por Queiroz, saiu do Sporting para o Benfica onde ficou 2 anos sem grande brilho. Depois passou por Campomaiorense, Alverca e terminou a carreira em 2004 no Estrela da Amadora. No entretanto esteve ausente algum tempo por perder a motiva\u00e7\u00e3o devido \u00e0 morte da av\u00f3 (a quem era muito ligado).<\/p>\n<p>Mais tarde chegou a ser treinador adjunto do Torreense (durante 6 meses) e fez parte do Sindicato dos Jogadores de Futebol Profissional.<\/p>\n<div class=\"tweetthis\" style=\"text-align:left;\"><p> <a target=\"_blank\" rel=\"nofollow\" class=\"tt\" href=\"http:\/\/twitter.com\/home\/?status=Marinho+%E2%80%93+Lateral-direito+de+%E2%80%9Cfibra%E2%80%9D+100%25+%E2%80%9Cmade+in%E2%80%9D+Sporting+https%3A%2F%2Fis.gd%2FlGYY23\" title=\"Post to Twitter\"><img decoding=\"async\" class=\"nothumb\" src=\"http:\/\/www.sportingcanal.com\/wp-content\/plugins\/tweet-this\/icons\/en\/twitter\/tt-twitter6.png\" alt=\"Post to Twitter\" \/><\/a><\/p><\/div>","protected":false},"excerpt":{"rendered":"<p>M\u00e1rio Teixeira da Costa (conhecido por Marinho nos meios futebol\u00edsticos) nasceu a 24 de Novembro de 1970 em Sengen \u2013 Alemanha. Com apenas 8 meses veio para Portugal e aos 13 anos iniciou o seu percurso na forma\u00e7\u00e3o, sempre no Sporting. Estreou-se oficialmente (com o treinador V\u00edtor Damas) a 8 de Mar\u00e7o de 1989 numa [&hellip;]<\/p>\n","protected":false},"author":1,"featured_media":11846,"comment_status":"open","ping_status":"open","sticky":false,"template":"","format":"standard","meta":{"_et_pb_use_builder":"","_et_pb_old_content":"","_et_gb_content_width":"","footnotes":""},"categories":[63],"tags":[65,8],"_links":{"self":[{"href":"https:\/\/www.sportingcanal.com\/index.php?rest_route=\/wp\/v2\/posts\/11845"}],"collection":[{"href":"https:\/\/www.sportingcanal.com\/index.php?rest_route=\/wp\/v2\/posts"}],"about":[{"href":"https:\/\/www.sportingcanal.com\/index.php?rest_route=\/wp\/v2\/types\/post"}],"author":[{"embeddable":true,"href":"https:\/\/www.sportingcanal.com\/index.php?rest_route=\/wp\/v2\/users\/1"}],"replies":[{"embeddable":true,"href":"https:\/\/www.sportingcanal.com\/index.php?rest_route=%2Fwp%2Fv2%2Fcomments&post=11845"}],"version-history":[{"count":18,"href":"https:\/\/www.sportingcanal.com\/index.php?rest_route=\/wp\/v2\/posts\/11845\/revisions"}],"predecessor-version":[{"id":39305,"href":"https:\/\/www.sportingcanal.com\/index.php?rest_route=\/wp\/v2\/posts\/11845\/revisions\/39305"}],"wp:featuredmedia":[{"embeddable":true,"href":"https:\/\/www.sportingcanal.com\/index.php?rest_route=\/wp\/v2\/media\/11846"}],"wp:attachment":[{"href":"https:\/\/www.sportingcanal.com\/index.php?rest_route=%2Fwp%2Fv2%2Fmedia&parent=11845"}],"wp:term":[{"taxonomy":"category","embeddable":true,"href":"https:\/\/www.sportingcanal.com\/index.php?rest_route=%2Fwp%2Fv2%2Fcategories&post=11845"},{"taxonomy":"post_tag","embeddable":true,"href":"https:\/\/www.sportingcanal.com\/index.php?rest_route=%2Fwp%2Fv2%2Ftags&post=11845"}],"curies":[{"name":"wp","href":"https:\/\/api.w.org\/{rel}","templated":true}]}}