{"id":1189,"date":"2026-01-16T08:00:11","date_gmt":"2026-01-16T07:00:11","guid":{"rendered":"http:\/\/www.sportingcanal.com\/?p=1189"},"modified":"2026-01-18T20:47:30","modified_gmt":"2026-01-18T19:47:30","slug":"ricardo-ferraz","status":"publish","type":"post","link":"https:\/\/www.sportingcanal.com\/?p=1189","title":{"rendered":"Ricardo Ferraz"},"content":{"rendered":"<p>Ricardo da Costa Ferraz nasceu a 16 de Janeiro de 1926 em Lisboa e constituiu uma daqueles casos em que uma figura se torna o verdadeiro &#8220;rosto&#8221; duma modalidade.<\/p>\n<p>Na sua juventude foi jogador de futebol de v\u00e1rios clubes de Lisboa. Mais tarde enveredou pela carreira de treinador e depois de \u00e1rbitro, sendo s\u00f3cio de m\u00e9rito da Associa\u00e7\u00e3o de Futebol de Lisboa. Foi tamb\u00e9m jogador de Andebol de 11 no Oriental.<\/p>\n<p>Apesar de todas as referidas incurs\u00f5es por outras modalidades foi no Boxe que se notabilizou. A partir de 1962 dirigiu essa sec\u00e7\u00e3o no Sporting, que f\u00f4ra criada no clube a 2 de Janeiro desse ano por Ant\u00f3nio Casquilho.\u00a0Destacou-se por introduzir na modalidade novos m\u00e9todos de prepara\u00e7\u00e3o f\u00edsica, de alimenta\u00e7\u00e3o e disciplina, pelo que lhe chamaram \u201crevolucion\u00e1rio\u201d.<\/p>\n<p>Em 1970 os le\u00f5es conseguiram o seu 1\u00ba t\u00edtulo nacional, e da\u00ed para c\u00e1 tornaram-se uma das mais importantes for\u00e7as portuguesas na modalidade. De 1976 a 1981 foi selecionador nacional e diretor t\u00e9cnico da Federa\u00e7\u00e3o Portuguesa de Boxe.<\/p>\n<p>No in\u00edcio dos anos 80 passou a ser mais conhecido do grande p\u00fablico ao participar na 1\u00aa telenovela portuguesa, \u201cVila Faia\u201d, onde fazia precisamente de t\u00e9cnico de boxe, contracenando com os \u201cpupilos\u201d V\u00edtor Norte e Nuno Homem de S\u00e1. No pequeno ecr\u00e3 participou ainda no filme \u201cKilas, o mau da fita\u201d e na s\u00e9rie \u201cZ\u00e9 Gato\u201d. Em 1982 foi autor dum \u201cManual de Boxe\u201d adaptado pela Federa\u00e7\u00e3o para os diversos cursos no pa\u00eds, cursos de monitores da Armada e alunos da Academia Militar.<\/p>\n<p>A 16 de Janeiro de 1995 foi homenageado pela dire\u00e7\u00e3o leonina. No Departamento de Artes Marciais do Est\u00e1dio Jos\u00e9 Alvalade foi descerrada, na sala de Boxe, uma placa que ali perpetuou o nome e a figura de Ricardo Ferraz, numa altura em que completava 69 anos de idade e 33 ao servi\u00e7o dos le\u00f5es.<\/p>\n<p>15 t\u00edtulos nacionais e 3 Ta\u00e7as de Portugal que o Sporting conquistou na modalidade t\u00eam a sua marca, podendo dizer-se que talvez s\u00f3 Moniz Pereira (no Atletismo) lhe fa\u00e7a frente como homem t\u00e3o influente numa determinada vertente do clube.<\/p>\n<p>Ganhou 2 pr\u00e9mios Stromp e 1 Rugido de Le\u00e3o.\u00a0Fez parte da comiss\u00e3o de honra das comemora\u00e7\u00f5es do 1\u00ba centen\u00e1rio do Sporting Clube de Portugal, e morreu no ano do centen\u00e1rio, a 12 de Janeiro de 2006.<\/p>\n<div class=\"tweetthis\" style=\"text-align:left;\"><p> <a target=\"_blank\" rel=\"nofollow\" class=\"tt\" href=\"http:\/\/twitter.com\/home\/?status=Ricardo+Ferraz+https%3A%2F%2Fis.gd%2FvAwaYw\" title=\"Post to Twitter\"><img decoding=\"async\" class=\"nothumb\" src=\"http:\/\/www.sportingcanal.com\/wp-content\/plugins\/tweet-this\/icons\/en\/twitter\/tt-twitter6.png\" alt=\"Post to Twitter\" \/><\/a><\/p><\/div>","protected":false},"excerpt":{"rendered":"<p>Ricardo da Costa Ferraz nasceu a 16 de Janeiro de 1926 em Lisboa e constituiu uma daqueles casos em que uma figura se torna o verdadeiro &#8220;rosto&#8221; duma modalidade. Na sua juventude foi jogador de futebol de v\u00e1rios clubes de Lisboa. Mais tarde enveredou pela carreira de treinador e depois de \u00e1rbitro, sendo s\u00f3cio de [&hellip;]<\/p>\n","protected":false},"author":1,"featured_media":1190,"comment_status":"open","ping_status":"open","sticky":false,"template":"","format":"standard","meta":{"_et_pb_use_builder":"","_et_pb_old_content":"","_et_gb_content_width":"","footnotes":""},"categories":[13],"tags":[61,164],"_links":{"self":[{"href":"https:\/\/www.sportingcanal.com\/index.php?rest_route=\/wp\/v2\/posts\/1189"}],"collection":[{"href":"https:\/\/www.sportingcanal.com\/index.php?rest_route=\/wp\/v2\/posts"}],"about":[{"href":"https:\/\/www.sportingcanal.com\/index.php?rest_route=\/wp\/v2\/types\/post"}],"author":[{"embeddable":true,"href":"https:\/\/www.sportingcanal.com\/index.php?rest_route=\/wp\/v2\/users\/1"}],"replies":[{"embeddable":true,"href":"https:\/\/www.sportingcanal.com\/index.php?rest_route=%2Fwp%2Fv2%2Fcomments&post=1189"}],"version-history":[{"count":23,"href":"https:\/\/www.sportingcanal.com\/index.php?rest_route=\/wp\/v2\/posts\/1189\/revisions"}],"predecessor-version":[{"id":39515,"href":"https:\/\/www.sportingcanal.com\/index.php?rest_route=\/wp\/v2\/posts\/1189\/revisions\/39515"}],"wp:featuredmedia":[{"embeddable":true,"href":"https:\/\/www.sportingcanal.com\/index.php?rest_route=\/wp\/v2\/media\/1190"}],"wp:attachment":[{"href":"https:\/\/www.sportingcanal.com\/index.php?rest_route=%2Fwp%2Fv2%2Fmedia&parent=1189"}],"wp:term":[{"taxonomy":"category","embeddable":true,"href":"https:\/\/www.sportingcanal.com\/index.php?rest_route=%2Fwp%2Fv2%2Fcategories&post=1189"},{"taxonomy":"post_tag","embeddable":true,"href":"https:\/\/www.sportingcanal.com\/index.php?rest_route=%2Fwp%2Fv2%2Ftags&post=1189"}],"curies":[{"name":"wp","href":"https:\/\/api.w.org\/{rel}","templated":true}]}}