{"id":1209,"date":"2026-01-18T07:30:36","date_gmt":"2026-01-18T06:30:36","guid":{"rendered":"http:\/\/www.sportingcanal.com\/?p=1209"},"modified":"2026-01-18T20:47:57","modified_gmt":"2026-01-18T19:47:57","slug":"carlos-gomes","status":"publish","type":"post","link":"https:\/\/www.sportingcanal.com\/?p=1209","title":{"rendered":"Carlos Gomes"},"content":{"rendered":"<p>Carlos Ant\u00f3nio do Carmo Costa Gomes nasceu a 18 de Janeiro de 1932\u00a0no Barreiro \u00a0e constituiu uma das figuras mais carism\u00e1ticas e curiosas da hist\u00f3ria do Sporting Clube de Portugal.<\/p>\n<p>Mostrando uma voca\u00e7\u00e3o fant\u00e1stica para o posto de guarda-redes, chegou ao Sporting aos 18 anos, oriundo do Barreirense. Quando os dirigentes leoninos foram a sua casa contrat\u00e1-lo falou das injusti\u00e7as sociais, da falta de dignidade e do desrespeito com que os futebolistas eram tratados. Mandaram-no calar mas n\u00e3o o fez. Aos 10 contos propostos pelo Sporting contraprop\u00f4s 50 s\u00f3 para si, e o presidente Ribeiro Fereira, sabendo do valor do mi\u00fado e da necessidade que tinha de arranjar um guardi\u00e3o de qualidade, cedeu.<\/p>\n<p>Na sua 1\u00aa \u00e9poca foi suplente do \u201cenorme\u201d Azevedo. Entre eles existia uma rivalidade bem vincada, pois enquanto o jovem Carlos afirmava que \u201co velho j\u00e1 nem v\u00ea as bolas\u201d, o experiente Jo\u00e3o dizia que o concorrente era \u201cum doido com a mania\u201d!<\/p>\n<p>Estreou-se oficialmente a 19 de Novembro de 1950 num Estoril-Sporting (1-2) para o Campeonato e na temporada seguinte j\u00e1 era o \u201cdono\u201d da baliza leonina.\u00a0Equipava-se sempre de preto. Quando lhe perguntaram o motivo respondeu que \u201cenquanto o futebol portugu\u00eas estiver nas m\u00e3os dos doutores est\u00e1 de luto.\u201d<\/p>\n<p>Sempre teve grandes problemas com os dirigentes leoninos da altura (alguns ligados ao regime salazarista) mas rapidamente se tornou um \u00eddolo como houve poucos no cora\u00e7\u00e3o dos sportinguistas. Era apaixonado por autom\u00f3veis e uma vez levou uma amiga estrangeira \u00e0 PIDE para que lhe ratificassem um atestado de resid\u00eancia. Estacionou ostensivamente o descapot\u00e1vel no parque reservado aos torcion\u00e1rios. Exigiram-lhe que o tirasse, chamou-lhes porcos sanguin\u00e1rios. Foi espancado e preso e s\u00f3 se salvou por ser guarda-redes do Sporting. Outras situa\u00e7\u00f5es do g\u00e9nero repetiram-se frequentemente.<\/p>\n<p>Permaneceu em Alvalade at\u00e9 1958 (8 \u00e9pocas) conquistando 5 Campeonatos Nacionais e uma Ta\u00e7a de Portugal. Ap\u00f3s o t\u00edtulo desse ano, e descontente com o que ganhava, foi para Espanha auferir 8 vezes mais enquanto o Sporting faturou 1 milh\u00e3o de pesetas.<\/p>\n<p>O seu \u00faltimo jogo ao servi\u00e7o do Sporting foi uma rece\u00e7\u00e3o ao FC Porto para a Ta\u00e7a de Portugal a 11 de Maio de 1958 (2-2). Realizou 219 jogos pelos le\u00f5es sofrendo 247 golos.<\/p>\n<p>Em 1961 esteve muito perto de regressar mas exigiu o sal\u00e1rio mais alto da equipa e a transfer\u00eancia n\u00e3o se concretizou. Aos 29 anos, j\u00e1 no Atl\u00e9tico, foi acusado de viola\u00e7\u00e3o mas afirmou ter sido v\u00edtima duma cilada montada pela PIDE. Num jogo frente ao Vit\u00f3ria de Guimar\u00e3es simulou uma les\u00e3o logo ap\u00f3s o intervalo e escapou-se para Espanha. Da\u00ed foi para Marrocos onde conseguiu o estatuto de refugiado pol\u00edtico. As suas exibi\u00e7\u00f5es foram de tal monta que o rei marroquino o convidou a fazer-se mu\u00e7ulmano e a mudar de nome e nacionalidade, o que n\u00e3o aceitou.<\/p>\n<p>Depois foi treinador bem sucedido na Arg\u00e9lia e na Tun\u00edsia voltando a Portugal nos anos oitenta. Pouco mais tarde radicou-se em Espanha onde possuiu neg\u00f3cios de hotelaria.<\/p>\n<p>Foi 18 vezes internacional A por Portugal.<\/p>\n<p>Morreu a 17 de Outubro de 2005 de doen\u00e7a prolongada.<\/p>\n<div class=\"tweetthis\" style=\"text-align:left;\"><p> <a target=\"_blank\" rel=\"nofollow\" class=\"tt\" href=\"http:\/\/twitter.com\/home\/?status=Carlos+Gomes+https%3A%2F%2Fis.gd%2FNZf4nC\" title=\"Post to Twitter\"><img decoding=\"async\" class=\"nothumb\" src=\"http:\/\/www.sportingcanal.com\/wp-content\/plugins\/tweet-this\/icons\/en\/twitter\/tt-twitter6.png\" alt=\"Post to Twitter\" \/><\/a><\/p><\/div>","protected":false},"excerpt":{"rendered":"<p>Carlos Ant\u00f3nio do Carmo Costa Gomes nasceu a 18 de Janeiro de 1932\u00a0no Barreiro \u00a0e constituiu uma das figuras mais carism\u00e1ticas e curiosas da hist\u00f3ria do Sporting Clube de Portugal. Mostrando uma voca\u00e7\u00e3o fant\u00e1stica para o posto de guarda-redes, chegou ao Sporting aos 18 anos, oriundo do Barreirense. Quando os dirigentes leoninos foram a sua [&hellip;]<\/p>\n","protected":false},"author":1,"featured_media":1210,"comment_status":"open","ping_status":"open","sticky":false,"template":"","format":"standard","meta":{"_et_pb_use_builder":"","_et_pb_old_content":"","_et_gb_content_width":"","footnotes":""},"categories":[13],"tags":[170,8,52],"_links":{"self":[{"href":"https:\/\/www.sportingcanal.com\/index.php?rest_route=\/wp\/v2\/posts\/1209"}],"collection":[{"href":"https:\/\/www.sportingcanal.com\/index.php?rest_route=\/wp\/v2\/posts"}],"about":[{"href":"https:\/\/www.sportingcanal.com\/index.php?rest_route=\/wp\/v2\/types\/post"}],"author":[{"embeddable":true,"href":"https:\/\/www.sportingcanal.com\/index.php?rest_route=\/wp\/v2\/users\/1"}],"replies":[{"embeddable":true,"href":"https:\/\/www.sportingcanal.com\/index.php?rest_route=%2Fwp%2Fv2%2Fcomments&post=1209"}],"version-history":[{"count":21,"href":"https:\/\/www.sportingcanal.com\/index.php?rest_route=\/wp\/v2\/posts\/1209\/revisions"}],"predecessor-version":[{"id":39525,"href":"https:\/\/www.sportingcanal.com\/index.php?rest_route=\/wp\/v2\/posts\/1209\/revisions\/39525"}],"wp:featuredmedia":[{"embeddable":true,"href":"https:\/\/www.sportingcanal.com\/index.php?rest_route=\/wp\/v2\/media\/1210"}],"wp:attachment":[{"href":"https:\/\/www.sportingcanal.com\/index.php?rest_route=%2Fwp%2Fv2%2Fmedia&parent=1209"}],"wp:term":[{"taxonomy":"category","embeddable":true,"href":"https:\/\/www.sportingcanal.com\/index.php?rest_route=%2Fwp%2Fv2%2Fcategories&post=1209"},{"taxonomy":"post_tag","embeddable":true,"href":"https:\/\/www.sportingcanal.com\/index.php?rest_route=%2Fwp%2Fv2%2Ftags&post=1209"}],"curies":[{"name":"wp","href":"https:\/\/api.w.org\/{rel}","templated":true}]}}