{"id":12352,"date":"2025-12-22T10:00:42","date_gmt":"2025-12-22T09:00:42","guid":{"rendered":"http:\/\/www.sportingcanal.com\/?p=12352"},"modified":"2025-12-23T12:10:56","modified_gmt":"2025-12-23T11:10:56","slug":"natacao-bi-campeoes-nacionais-em-masculinos","status":"publish","type":"post","link":"https:\/\/www.sportingcanal.com\/?p=12352","title":{"rendered":"2013 \u2013 Bicampe\u00f5es Nacionais em Nata\u00e7\u00e3o masculina"},"content":{"rendered":"<p>22 de Dezembro de 2013. Neste dia a nata\u00e7\u00e3o do Sporting amealhou em Santo Ant\u00f3nio dos Cavaleiros, mais um t\u00edtulo nacional por equipas. A forma\u00e7\u00e3o masculina sagrou-se campe\u00e3 nacional, com 114 pontos, enquanto que a equipa feminina se posicionou no 2.\u00ba lugar do p\u00f3dio, com 102 pontos, atr\u00e1s do FC Porto (125).<\/p>\n<p>Ap\u00f3s o triunfo, Carlos Cruchinho, respons\u00e1vel pela Nata\u00e7\u00e3o do Sporting, mostrou-se muito feliz com os resultados: \u201cFoi excelente. Fic\u00e1mos muito acima das expetativas. J\u00e1 est\u00e1vamos a contar vencer em masculinos, embora este resultado seja o fruto de muito trabalho. Em rela\u00e7\u00e3o \u00e0s meninas, dou-lhes, tamb\u00e9m, os meus parab\u00e9ns. Foi fant\u00e1stico!\u201d<\/p>\n<p>Ana Teresa Franco, a capit\u00e3 da equipa feminina, tamb\u00e9m n\u00e3o se comediu nas palavras: \u201cMesmo com a aus\u00eancia duma atleta fundamental fomos conquistando ponto a ponto. Todas as meninas est\u00e3o de parab\u00e9ns pelo esfor\u00e7o e o empenho com que disputaram todas as provas. Parab\u00e9ns!\u201d<\/p>\n<p>J\u00e1 Pedro Pinotes, capit\u00e3o dos le\u00f5es, dirigiu uma mensagem de orgulho a todos os colegas de equipa: \u201cEstamos muito satisfeitos pelo bi-campeonato. Trabalh\u00e1mos muito durante este ano e \u00e9 sempre bom saber que tivemos grandes resultados. \u00c9 um prazer enorme ser campe\u00e3o pelo Sporting e capitanear esta equipa\u201d, concluiu.<\/p>\n<div class=\"tweetthis\" style=\"text-align:left;\"><p> <a target=\"_blank\" rel=\"nofollow\" class=\"tt\" href=\"http:\/\/twitter.com\/home\/?status=2013+%E2%80%93+Bicampe%C3%B5es+Nacionais+em+Nata%C3%A7%C3%A3o+masculina+https%3A%2F%2Fis.gd%2FI5XZUt\" title=\"Post to Twitter\"><img decoding=\"async\" class=\"nothumb\" src=\"http:\/\/www.sportingcanal.com\/wp-content\/plugins\/tweet-this\/icons\/en\/twitter\/tt-twitter6.png\" alt=\"Post to Twitter\" \/><\/a><\/p><\/div>","protected":false},"excerpt":{"rendered":"<p>22 de Dezembro de 2013. Neste dia a nata\u00e7\u00e3o do Sporting amealhou em Santo Ant\u00f3nio dos Cavaleiros, mais um t\u00edtulo nacional por equipas. A forma\u00e7\u00e3o masculina sagrou-se campe\u00e3 nacional, com 114 pontos, enquanto que a equipa feminina se posicionou no 2.\u00ba lugar do p\u00f3dio, com 102 pontos, atr\u00e1s do FC Porto (125). Ap\u00f3s o triunfo, [&hellip;]<\/p>\n","protected":false},"author":1,"featured_media":12360,"comment_status":"open","ping_status":"open","sticky":false,"template":"","format":"standard","meta":{"_et_pb_use_builder":"","_et_pb_old_content":"","_et_gb_content_width":"","footnotes":""},"categories":[17],"tags":[22,33],"_links":{"self":[{"href":"https:\/\/www.sportingcanal.com\/index.php?rest_route=\/wp\/v2\/posts\/12352"}],"collection":[{"href":"https:\/\/www.sportingcanal.com\/index.php?rest_route=\/wp\/v2\/posts"}],"about":[{"href":"https:\/\/www.sportingcanal.com\/index.php?rest_route=\/wp\/v2\/types\/post"}],"author":[{"embeddable":true,"href":"https:\/\/www.sportingcanal.com\/index.php?rest_route=\/wp\/v2\/users\/1"}],"replies":[{"embeddable":true,"href":"https:\/\/www.sportingcanal.com\/index.php?rest_route=%2Fwp%2Fv2%2Fcomments&post=12352"}],"version-history":[{"count":22,"href":"https:\/\/www.sportingcanal.com\/index.php?rest_route=\/wp\/v2\/posts\/12352\/revisions"}],"predecessor-version":[{"id":39406,"href":"https:\/\/www.sportingcanal.com\/index.php?rest_route=\/wp\/v2\/posts\/12352\/revisions\/39406"}],"wp:featuredmedia":[{"embeddable":true,"href":"https:\/\/www.sportingcanal.com\/index.php?rest_route=\/wp\/v2\/media\/12360"}],"wp:attachment":[{"href":"https:\/\/www.sportingcanal.com\/index.php?rest_route=%2Fwp%2Fv2%2Fmedia&parent=12352"}],"wp:term":[{"taxonomy":"category","embeddable":true,"href":"https:\/\/www.sportingcanal.com\/index.php?rest_route=%2Fwp%2Fv2%2Fcategories&post=12352"},{"taxonomy":"post_tag","embeddable":true,"href":"https:\/\/www.sportingcanal.com\/index.php?rest_route=%2Fwp%2Fv2%2Ftags&post=12352"}],"curies":[{"name":"wp","href":"https:\/\/api.w.org\/{rel}","templated":true}]}}