{"id":1259,"date":"2025-05-30T09:00:20","date_gmt":"2025-05-30T08:00:20","guid":{"rendered":"http:\/\/www.sportingcanal.com\/?p=1259"},"modified":"2025-05-30T12:04:02","modified_gmt":"2025-05-30T11:04:02","slug":"os-10-guarda-redes-com-melhor-media-de-golos-sofridos","status":"publish","type":"post","link":"https:\/\/www.sportingcanal.com\/?p=1259","title":{"rendered":"Recorde no clube \u2013 Os 10 guarda-redes com melhor m\u00e9dia de golos sofridos"},"content":{"rendered":"<p>O croata Ivkovic, que alinhou no Sporting em 4 temporadas\u00a0 &#8211; de 1989 a 1993 \u00e9 o guarda-redes da Hist\u00f3ria do clube com a m\u00e9dia mais baixa de golos sofridos, 0,727. Em 154 presen\u00e7as cedeu apenas 112 golos.<\/p>\n<p>Para esta classifica\u00e7\u00e3o s\u00e3o considerados apenas os guarda-redes que realizaram um m\u00ednimo de 30 jogos e a atualiza\u00e7\u00e3o est\u00e1 efetuada at\u00e9 ao final da temporada 2024\/25.<\/p>\n<p>Vejamos agora quem s\u00e3o os 10 mais:<\/p>\n<table border=\"0\" width=\"291\" cellspacing=\"0\" cellpadding=\"0\">\n<tbody>\n<tr>\n<td valign=\"top\" width=\"44\">CLA<\/td>\n<td valign=\"top\" width=\"101\">FUT<\/td>\n<td valign=\"top\" width=\"38\">J<\/td>\n<td valign=\"top\" width=\"42\">G<\/td>\n<td valign=\"top\" width=\"66\">M\u00c9DIA<\/td>\n<\/tr>\n<tr>\n<td valign=\"top\" width=\"44\">1\u00ba<\/td>\n<td valign=\"top\" width=\"101\">Ivkovic<\/td>\n<td valign=\"top\" width=\"38\">154<\/td>\n<td valign=\"top\" width=\"42\">-112<\/td>\n<td valign=\"top\" width=\"66\"><strong>0,727<\/strong><\/td>\n<\/tr>\n<tr>\n<td valign=\"top\" width=\"44\">2\u00ba<\/td>\n<td valign=\"top\" width=\"101\">Costinha<\/td>\n<td valign=\"top\" width=\"38\">104<\/td>\n<td valign=\"top\" width=\"42\">-76<\/td>\n<td valign=\"top\" width=\"66\"><strong>0,731<\/strong><\/td>\n<\/tr>\n<tr>\n<td valign=\"top\" width=\"44\">3\u00ba<\/td>\n<td valign=\"top\" width=\"101\">De Wilde<\/td>\n<td valign=\"top\" width=\"38\">67<\/td>\n<td valign=\"top\" width=\"42\">-49<\/td>\n<td valign=\"top\" width=\"66\"><strong>0,731<\/strong><\/td>\n<\/tr>\n<tr>\n<td valign=\"top\" width=\"44\">4\u00ba<\/td>\n<td valign=\"top\" width=\"101\">Meszaros<\/td>\n<td valign=\"top\" width=\"38\">80<\/td>\n<td valign=\"top\" width=\"42\">-60<\/td>\n<td valign=\"top\" width=\"66\"><strong>0,750<\/strong><\/td>\n<\/tr>\n<tr>\n<td valign=\"top\" width=\"44\">5\u00ba<\/td>\n<td valign=\"top\" width=\"101\">Ricardo<\/td>\n<td valign=\"top\" width=\"38\">158<\/td>\n<td valign=\"top\" width=\"42\">-131<\/td>\n<td valign=\"top\" width=\"66\"><strong>0,829<\/strong><\/td>\n<\/tr>\n<tr>\n<td valign=\"top\" width=\"44\">6\u00ba<\/td>\n<td valign=\"top\" width=\"101\">Damas<\/td>\n<td valign=\"top\" width=\"38\">444<\/td>\n<td valign=\"top\" width=\"42\">-376<\/td>\n<td valign=\"top\" width=\"66\"><strong>0,847<\/strong><\/td>\n<\/tr>\n<tr>\n<td valign=\"top\" width=\"44\">7\u00ba<\/td>\n<td valign=\"top\" width=\"101\">Botelho<\/td>\n<td valign=\"top\" width=\"38\">81<\/td>\n<td valign=\"top\" width=\"42\">-69<\/td>\n<td valign=\"top\" width=\"66\"><strong>0,852<\/strong><\/td>\n<\/tr>\n<tr>\n<td valign=\"top\" width=\"44\">8\u00ba<\/td>\n<td valign=\"top\" width=\"101\">Vaz<\/td>\n<td valign=\"top\" width=\"38\">50<\/td>\n<td valign=\"top\" width=\"42\">-43<\/td>\n<td valign=\"top\" width=\"66\"><strong>0,860<\/strong><\/td>\n<\/tr>\n<tr>\n<td valign=\"top\" width=\"44\">9\u00ba<\/td>\n<td valign=\"top\" width=\"101\">Vital<\/td>\n<td valign=\"top\" width=\"38\">39<\/td>\n<td valign=\"top\" width=\"42\">-34<\/td>\n<td valign=\"top\" width=\"66\"><strong>0,872<\/strong><\/td>\n<\/tr>\n<tr>\n<td valign=\"top\" width=\"44\">10\u00ba<\/td>\n<td valign=\"top\" width=\"101\">Ad\u00e1n<\/td>\n<td valign=\"top\" width=\"38\">156<\/td>\n<td valign=\"top\" width=\"42\">-138<\/td>\n<td valign=\"top\" width=\"66\"><strong>0,884<\/strong><\/td>\n<\/tr>\n<\/tbody>\n<\/table>\n<div class=\"tweetthis\" style=\"text-align:left;\"><p> <a target=\"_blank\" rel=\"nofollow\" class=\"tt\" href=\"http:\/\/twitter.com\/home\/?status=Recorde+no+clube+%E2%80%93+Os+10+guarda-redes+com+melhor+m%C3%A9dia+de+golos+sofridos+https%3A%2F%2Fis.gd%2Fo8TjRE\" title=\"Post to Twitter\"><img decoding=\"async\" class=\"nothumb\" src=\"http:\/\/www.sportingcanal.com\/wp-content\/plugins\/tweet-this\/icons\/en\/twitter\/tt-twitter6.png\" alt=\"Post to Twitter\" \/><\/a><\/p><\/div>","protected":false},"excerpt":{"rendered":"<p>O croata Ivkovic, que alinhou no Sporting em 4 temporadas\u00a0 &#8211; de 1989 a 1993 \u00e9 o guarda-redes da Hist\u00f3ria do clube com a m\u00e9dia mais baixa de golos sofridos, 0,727. Em 154 presen\u00e7as cedeu apenas 112 golos. Para esta classifica\u00e7\u00e3o s\u00e3o considerados apenas os guarda-redes que realizaram um m\u00ednimo de 30 jogos e a [&hellip;]<\/p>\n","protected":false},"author":1,"featured_media":37503,"comment_status":"open","ping_status":"open","sticky":false,"template":"","format":"standard","meta":{"_et_pb_use_builder":"","_et_pb_old_content":"","_et_gb_content_width":"","footnotes":""},"categories":[58],"tags":[8,52],"_links":{"self":[{"href":"https:\/\/www.sportingcanal.com\/index.php?rest_route=\/wp\/v2\/posts\/1259"}],"collection":[{"href":"https:\/\/www.sportingcanal.com\/index.php?rest_route=\/wp\/v2\/posts"}],"about":[{"href":"https:\/\/www.sportingcanal.com\/index.php?rest_route=\/wp\/v2\/types\/post"}],"author":[{"embeddable":true,"href":"https:\/\/www.sportingcanal.com\/index.php?rest_route=\/wp\/v2\/users\/1"}],"replies":[{"embeddable":true,"href":"https:\/\/www.sportingcanal.com\/index.php?rest_route=%2Fwp%2Fv2%2Fcomments&post=1259"}],"version-history":[{"count":39,"href":"https:\/\/www.sportingcanal.com\/index.php?rest_route=\/wp\/v2\/posts\/1259\/revisions"}],"predecessor-version":[{"id":40130,"href":"https:\/\/www.sportingcanal.com\/index.php?rest_route=\/wp\/v2\/posts\/1259\/revisions\/40130"}],"wp:featuredmedia":[{"embeddable":true,"href":"https:\/\/www.sportingcanal.com\/index.php?rest_route=\/wp\/v2\/media\/37503"}],"wp:attachment":[{"href":"https:\/\/www.sportingcanal.com\/index.php?rest_route=%2Fwp%2Fv2%2Fmedia&parent=1259"}],"wp:term":[{"taxonomy":"category","embeddable":true,"href":"https:\/\/www.sportingcanal.com\/index.php?rest_route=%2Fwp%2Fv2%2Fcategories&post=1259"},{"taxonomy":"post_tag","embeddable":true,"href":"https:\/\/www.sportingcanal.com\/index.php?rest_route=%2Fwp%2Fv2%2Ftags&post=1259"}],"curies":[{"name":"wp","href":"https:\/\/api.w.org\/{rel}","templated":true}]}}