{"id":1281,"date":"2025-05-12T07:30:24","date_gmt":"2025-05-12T06:30:24","guid":{"rendered":"http:\/\/www.sportingcanal.com\/?p=1281"},"modified":"2025-05-12T11:53:29","modified_gmt":"2025-05-12T10:53:29","slug":"os-10-futebolistas-com-mais-epocas","status":"publish","type":"post","link":"https:\/\/www.sportingcanal.com\/?p=1281","title":{"rendered":"Recorde no clube \u2013 Os 10 futebolistas com mais \u00e9pocas"},"content":{"rendered":"<p><a href=\"http:\/\/www.sportingcanal.com\/?p=1347\">Jorge Vieira<\/a>, que normalmente alinhava como defesa-esquerdo, \u00e9 o futebolista da Hist\u00f3ria do Sporting com mais \u00e9pocas de utiliza\u00e7\u00e3o ao servi\u00e7o do clube, 18 \u2013 de 1914\/15 a 1931\/32.<\/p>\n<p>Esta lista est\u00e1 atualizada at\u00e9 ao final da temporada 2021\/22.<\/p>\n<p>Vejamos agora quem s\u00e3o os 10 mais:<\/p>\n<table border=\"1\" width=\"498\" cellspacing=\"0\" cellpadding=\"0\">\n<tbody>\n<tr>\n<td valign=\"top\" width=\"44\">CLA<\/td>\n<td valign=\"top\" width=\"123\">FUT<\/td>\n<td colspan=\"2\" valign=\"top\" width=\"331\">\u00c9POCAS<\/td>\n<\/tr>\n<tr>\n<td valign=\"top\" width=\"44\">1\u00ba<\/td>\n<td valign=\"top\" width=\"123\">Jorge Vieira<\/td>\n<td valign=\"top\" width=\"66\"><strong>18<\/strong><\/td>\n<td valign=\"top\" width=\"265\">1914\/15 a 1931\/32<\/td>\n<\/tr>\n<tr>\n<td valign=\"top\" width=\"44\">2\u00ba<\/td>\n<td valign=\"top\" width=\"123\">Azevedo<\/td>\n<td valign=\"top\" width=\"66\"><strong>17<\/strong><\/td>\n<td valign=\"top\" width=\"265\">1935\/36 a 1951\/52<\/td>\n<\/tr>\n<tr>\n<td valign=\"top\" width=\"44\">3\u00ba<\/td>\n<td valign=\"top\" width=\"123\">Manecas<\/td>\n<td valign=\"top\" width=\"66\"><strong>16<\/strong><\/td>\n<td valign=\"top\" width=\"265\">1935\/36 a 1950\/51<\/td>\n<\/tr>\n<tr>\n<td valign=\"top\" width=\"44\">4\u00ba<\/td>\n<td valign=\"top\" width=\"123\">Mour\u00e3o<\/td>\n<td valign=\"top\" width=\"66\"><strong>16<\/strong><\/td>\n<td valign=\"top\" width=\"265\">1928\/29 a 1943\/44<\/td>\n<\/tr>\n<tr>\n<td valign=\"top\" width=\"44\">5\u00ba<\/td>\n<td valign=\"top\" width=\"123\">Francisco Stromp<\/td>\n<td valign=\"top\" width=\"66\"><strong>16<\/strong><\/td>\n<td valign=\"top\" width=\"265\">1908\/09 a 1923\/24<\/td>\n<\/tr>\n<tr>\n<td valign=\"top\" width=\"44\">6\u00ba<\/td>\n<td valign=\"top\" width=\"123\">Hil\u00e1rio<\/td>\n<td valign=\"top\" width=\"66\"><strong>15<\/strong><\/td>\n<td valign=\"top\" width=\"265\">1958\/59 a 1972\/73<\/td>\n<\/tr>\n<tr>\n<td valign=\"top\" width=\"44\">7\u00ba<\/td>\n<td valign=\"top\" width=\"123\">Damas<\/td>\n<td valign=\"top\" width=\"66\"><strong>15<\/strong><\/td>\n<td valign=\"top\" width=\"265\">1966\/67 a 1975\/76 e 1984\/85 a 1988\/89<\/td>\n<\/tr>\n<tr>\n<td valign=\"top\" width=\"44\">8\u00ba<\/td>\n<td valign=\"top\" width=\"123\">Can\u00e1rio<\/td>\n<td valign=\"top\" width=\"66\"><strong>14<\/strong><\/td>\n<td valign=\"top\" width=\"265\">1938\/39 a 1951\/52<\/td>\n<\/tr>\n<tr>\n<td valign=\"top\" width=\"44\">9\u00ba<\/td>\n<td valign=\"top\" width=\"123\">Tiago<\/td>\n<td valign=\"top\" width=\"66\"><strong>14<\/strong><\/td>\n<td valign=\"top\" width=\"265\">1995\/96 a 1998\/99, 2001\/02 a 2002\/03 e 2004\/05 a 2011\/12<\/td>\n<\/tr>\n<tr>\n<td valign=\"top\" width=\"44\">10\u00ba<\/td>\n<td valign=\"top\" width=\"123\">Vasques<\/td>\n<td valign=\"top\" width=\"66\"><strong>13<\/strong><\/td>\n<td valign=\"top\" width=\"265\">1946\/47 a 1958\/59<\/td>\n<\/tr>\n<\/tbody>\n<\/table>\n<div class=\"tweetthis\" style=\"text-align:left;\"><p> <a target=\"_blank\" rel=\"nofollow\" class=\"tt\" href=\"http:\/\/twitter.com\/home\/?status=Recorde+no+clube+%E2%80%93+Os+10+futebolistas+com+mais+%C3%A9pocas+https%3A%2F%2Fis.gd%2F1iC7fr\" title=\"Post to Twitter\"><img decoding=\"async\" class=\"nothumb\" src=\"http:\/\/www.sportingcanal.com\/wp-content\/plugins\/tweet-this\/icons\/en\/twitter\/tt-twitter6.png\" alt=\"Post to Twitter\" \/><\/a><\/p><\/div>","protected":false},"excerpt":{"rendered":"<p>Jorge Vieira, que normalmente alinhava como defesa-esquerdo, \u00e9 o futebolista da Hist\u00f3ria do Sporting com mais \u00e9pocas de utiliza\u00e7\u00e3o ao servi\u00e7o do clube, 18 \u2013 de 1914\/15 a 1931\/32. Esta lista est\u00e1 atualizada at\u00e9 ao final da temporada 2021\/22. Vejamos agora quem s\u00e3o os 10 mais: CLA FUT \u00c9POCAS 1\u00ba Jorge Vieira 18 1914\/15 a [&hellip;]<\/p>\n","protected":false},"author":1,"featured_media":37558,"comment_status":"open","ping_status":"open","sticky":false,"template":"","format":"standard","meta":{"_et_pb_use_builder":"","_et_pb_old_content":"","_et_gb_content_width":"","footnotes":""},"categories":[58],"tags":[8],"_links":{"self":[{"href":"https:\/\/www.sportingcanal.com\/index.php?rest_route=\/wp\/v2\/posts\/1281"}],"collection":[{"href":"https:\/\/www.sportingcanal.com\/index.php?rest_route=\/wp\/v2\/posts"}],"about":[{"href":"https:\/\/www.sportingcanal.com\/index.php?rest_route=\/wp\/v2\/types\/post"}],"author":[{"embeddable":true,"href":"https:\/\/www.sportingcanal.com\/index.php?rest_route=\/wp\/v2\/users\/1"}],"replies":[{"embeddable":true,"href":"https:\/\/www.sportingcanal.com\/index.php?rest_route=%2Fwp%2Fv2%2Fcomments&post=1281"}],"version-history":[{"count":31,"href":"https:\/\/www.sportingcanal.com\/index.php?rest_route=\/wp\/v2\/posts\/1281\/revisions"}],"predecessor-version":[{"id":37559,"href":"https:\/\/www.sportingcanal.com\/index.php?rest_route=\/wp\/v2\/posts\/1281\/revisions\/37559"}],"wp:featuredmedia":[{"embeddable":true,"href":"https:\/\/www.sportingcanal.com\/index.php?rest_route=\/wp\/v2\/media\/37558"}],"wp:attachment":[{"href":"https:\/\/www.sportingcanal.com\/index.php?rest_route=%2Fwp%2Fv2%2Fmedia&parent=1281"}],"wp:term":[{"taxonomy":"category","embeddable":true,"href":"https:\/\/www.sportingcanal.com\/index.php?rest_route=%2Fwp%2Fv2%2Fcategories&post=1281"},{"taxonomy":"post_tag","embeddable":true,"href":"https:\/\/www.sportingcanal.com\/index.php?rest_route=%2Fwp%2Fv2%2Ftags&post=1281"}],"curies":[{"name":"wp","href":"https:\/\/api.w.org\/{rel}","templated":true}]}}