{"id":12977,"date":"2026-03-05T08:30:53","date_gmt":"2026-03-05T07:30:53","guid":{"rendered":"http:\/\/www.sportingcanal.com\/?p=12977"},"modified":"2026-03-05T11:59:01","modified_gmt":"2026-03-05T10:59:01","slug":"1%c2%ba-titulo-mundial-para-naide-gomes","status":"publish","type":"post","link":"https:\/\/www.sportingcanal.com\/?p=12977","title":{"rendered":"2004 &#8211; 1\u00ba t\u00edtulo mundial para Naide Gomes e Rui Silva tamb\u00e9m em destaque"},"content":{"rendered":"<p>5 de Mar\u00e7o de 2004.\u00a0Os atletas do Sporting estiveram em destaque nos Mundiais de Pista Coberta em Budapeste. Rui Silva ficou 2\u00ba nos 3.000 metros, Francis Obikwelu ficou em 6\u00ba nos 60 metros, mas foi\u00a0Naide Gomes quem brilhou intensamente ao sagrar-se Campe\u00e3 Mundial (bateu o recorde nacional do salto em altura com 1m88cm e aumentou para 4.759 o recorde nacional do Pentatlo).<\/p>\n<p>O Sporting fez melhor que as sele\u00e7\u00f5es de Espanha, It\u00e1lia, Fran\u00e7a e Alemanha!<\/p>\n<p>Naide, felic\u00edssimo, afirmou no final: \u201c&#8221;Esta vit\u00f3ria d\u00e1 sentido aos muitos anos de trabalho que tenho at\u00e9 chegar aqui. Foi um sonho realizado e n\u00e3o podia estar mais feliz. As emo\u00e7\u00f5es foram muitas. Come\u00e7aram quando bati o recorde nacional do salto em altura e acabaram quando soube que a medalha de ouro era minha e de Portugal. Ouvir o hino foi espantoso, nem sei como consegui estar no p\u00f3dio sem chorar. Este resultado tamb\u00e9m se deve em grande parte ao meu treinador, o prof. Abreu Matos, que at\u00e9 acreditava mais do que eu que isto seria poss\u00edvel\u201d.<\/p>\n<div class=\"tweetthis\" style=\"text-align:left;\"><p> <a target=\"_blank\" rel=\"nofollow\" class=\"tt\" href=\"http:\/\/twitter.com\/home\/?status=2004+%E2%80%93+1%C2%BA+t%C3%ADtulo+mundial+para+Naide+Gomes+e+Rui+Silva+tamb%C3%A9m+em+destaque+https%3A%2F%2Fis.gd%2Fu3Dnbz\" title=\"Post to Twitter\"><img decoding=\"async\" class=\"nothumb\" src=\"http:\/\/www.sportingcanal.com\/wp-content\/plugins\/tweet-this\/icons\/en\/twitter\/tt-twitter6.png\" alt=\"Post to Twitter\" \/><\/a><\/p><\/div>","protected":false},"excerpt":{"rendered":"<p>5 de Mar\u00e7o de 2004.\u00a0Os atletas do Sporting estiveram em destaque nos Mundiais de Pista Coberta em Budapeste. Rui Silva ficou 2\u00ba nos 3.000 metros, Francis Obikwelu ficou em 6\u00ba nos 60 metros, mas foi\u00a0Naide Gomes quem brilhou intensamente ao sagrar-se Campe\u00e3 Mundial (bateu o recorde nacional do salto em altura com 1m88cm e aumentou [&hellip;]<\/p>\n","protected":false},"author":1,"featured_media":12978,"comment_status":"open","ping_status":"open","sticky":false,"template":"","format":"standard","meta":{"_et_pb_use_builder":"","_et_pb_old_content":"","_et_gb_content_width":"","footnotes":""},"categories":[4],"tags":[21,39,228],"_links":{"self":[{"href":"https:\/\/www.sportingcanal.com\/index.php?rest_route=\/wp\/v2\/posts\/12977"}],"collection":[{"href":"https:\/\/www.sportingcanal.com\/index.php?rest_route=\/wp\/v2\/posts"}],"about":[{"href":"https:\/\/www.sportingcanal.com\/index.php?rest_route=\/wp\/v2\/types\/post"}],"author":[{"embeddable":true,"href":"https:\/\/www.sportingcanal.com\/index.php?rest_route=\/wp\/v2\/users\/1"}],"replies":[{"embeddable":true,"href":"https:\/\/www.sportingcanal.com\/index.php?rest_route=%2Fwp%2Fv2%2Fcomments&post=12977"}],"version-history":[{"count":19,"href":"https:\/\/www.sportingcanal.com\/index.php?rest_route=\/wp\/v2\/posts\/12977\/revisions"}],"predecessor-version":[{"id":39764,"href":"https:\/\/www.sportingcanal.com\/index.php?rest_route=\/wp\/v2\/posts\/12977\/revisions\/39764"}],"wp:featuredmedia":[{"embeddable":true,"href":"https:\/\/www.sportingcanal.com\/index.php?rest_route=\/wp\/v2\/media\/12978"}],"wp:attachment":[{"href":"https:\/\/www.sportingcanal.com\/index.php?rest_route=%2Fwp%2Fv2%2Fmedia&parent=12977"}],"wp:term":[{"taxonomy":"category","embeddable":true,"href":"https:\/\/www.sportingcanal.com\/index.php?rest_route=%2Fwp%2Fv2%2Fcategories&post=12977"},{"taxonomy":"post_tag","embeddable":true,"href":"https:\/\/www.sportingcanal.com\/index.php?rest_route=%2Fwp%2Fv2%2Ftags&post=12977"}],"curies":[{"name":"wp","href":"https:\/\/api.w.org\/{rel}","templated":true}]}}