{"id":13049,"date":"2026-02-10T10:00:55","date_gmt":"2026-02-10T09:00:55","guid":{"rendered":"http:\/\/www.sportingcanal.com\/?p=13049"},"modified":"2026-02-11T14:04:16","modified_gmt":"2026-02-11T13:04:16","slug":"atletismo-senhoras-sao-campeas-nacionais-de-pista-coberta","status":"publish","type":"post","link":"https:\/\/www.sportingcanal.com\/?p=13049","title":{"rendered":"2013 \u2013 Campe\u00e3s Nacionais de pista coberta pela 18\u00aa vez"},"content":{"rendered":"<p>10 de Fevereiro de 2013. Realizaram-se em Pombal, no fim de semana de 9 e 10 de Fevereiro, os Campeonatos Nacionais de Atletismo em pista coberta.<\/p>\n<p>No 1\u00ba dia, no setor feminino, Carla Tavares come\u00e7ou por ganhar os 60 metros, seguindo-se o triunfo da j\u00e1 tantas vezes campe\u00e3 Sandra Teixeira nos 1.500. Depois Shaina Mags triunfou no comprimento. J\u00e1 a noite ca\u00edra quando Vera Santos venceu os 3.000m marcha, Irina Rodrigues o peso e Carolina Duarte os 400 metros.<\/p>\n<p>No homens, Carlos Nascimento (60m), Rui Silva (1.500m), Jo\u00e3o Vieira (5.000m marcha) e Edi Maia (vara) obbtiveram triunfos, pelo que no final da 1\u00aa sess\u00e3o as senhoras comandavam com 56 pontos (o Benfica tinha 40) e os homens tamb\u00e9m (46-44 frente aos encarnados).<\/p>\n<p>Na tarde de Domingo prosseguiram as provas. Patr\u00edcia Mamona venceu o triplo-salto, Leonor Tavares foi a melhor na vara. Mais tarde veio o triunfo de Carla Salom\u00e9 Rocha nos 3.000 metros e finalmente a vit\u00f3ria na estafeta de 4X400 metros.<\/p>\n<p>Nos homens os mais destacados (vencedores) do 2\u00ba dia foram Roman Giuly no salto em altura e o extraordin\u00e1rio Rui Silva nos 3.000 metros.<\/p>\n<p>No final as leoas somaram 109 pontos (contra 88 do rival) e obtiveram mais um t\u00edtulo nacional (o 18\u00ba). Os homens ficaram apenas a 2 pontos do objetivo que falharam na \u00faltima prova (104 pontos face aos 106 dos benfiquistas).<\/p>\n<p>Os vencedores individuais:<\/p>\n<p>F<\/p>\n<p>60m \u2013 Carla Tavares \u2013 7,45s<\/p>\n<p>400m \u2013 Carolina Duarte \u2013 55,95s<\/p>\n<p>4X400m \u2013 3m45,62s<\/p>\n<p>1.500m \u2013 Sandra Teixeira \u2013 4m24,51s<\/p>\n<p>3.000m \u2013 Salom\u00e9 Rocha \u2013 9m21,66s<\/p>\n<p>3.000m marcha \u2013 Vera Santos \u2013 13m05,86s<\/p>\n<p>Comprimento \u2013 Shaina Mags \u2013 5m98cm<\/p>\n<p>Peso \u2013 Irina Rodrigues \u2013 14m93cm<\/p>\n<p>Triplo-Salto \u2013 Patr\u00edcia Mamona \u2013 13m93cm<\/p>\n<p>Vara \u2013 Leonor Tavares \u2013 4m20cm<\/p>\n<p>M<\/p>\n<p>60m &#8211; Carlos Nascimento \u2013 6,76s<\/p>\n<p>1.500m \u2013 Rui Silva \u2013 3m53,82s<\/p>\n<p>3.000m \u2013 Rui Silva \u2013 8m16,34s<\/p>\n<p>5.000m marcha \u2013 Jo\u00e3o Vieira \u2013 19m40,31s<\/p>\n<p>Altura \u2013 Roman Giuly \u2013 2m13cm<\/p>\n<p>Vara \u2013 Edi Maia \u2013 5m40cm<\/p>\n<div class=\"tweetthis\" style=\"text-align:left;\"><p> <a target=\"_blank\" rel=\"nofollow\" class=\"tt\" href=\"http:\/\/twitter.com\/home\/?status=2013+%E2%80%93+Campe%C3%A3s+Nacionais+de+pista+coberta+pela+18%C2%AA+vez+https%3A%2F%2Fis.gd%2FWfXcKG\" title=\"Post to Twitter\"><img decoding=\"async\" class=\"nothumb\" src=\"http:\/\/www.sportingcanal.com\/wp-content\/plugins\/tweet-this\/icons\/en\/twitter\/tt-twitter6.png\" alt=\"Post to Twitter\" \/><\/a><\/p><\/div>","protected":false},"excerpt":{"rendered":"<p>10 de Fevereiro de 2013. Realizaram-se em Pombal, no fim de semana de 9 e 10 de Fevereiro, os Campeonatos Nacionais de Atletismo em pista coberta. No 1\u00ba dia, no setor feminino, Carla Tavares come\u00e7ou por ganhar os 60 metros, seguindo-se o triunfo da j\u00e1 tantas vezes campe\u00e3 Sandra Teixeira nos 1.500. Depois Shaina Mags [&hellip;]<\/p>\n","protected":false},"author":1,"featured_media":13051,"comment_status":"open","ping_status":"open","sticky":false,"template":"","format":"standard","meta":{"_et_pb_use_builder":"","_et_pb_old_content":"","_et_gb_content_width":"","footnotes":""},"categories":[17],"tags":[21,22],"_links":{"self":[{"href":"https:\/\/www.sportingcanal.com\/index.php?rest_route=\/wp\/v2\/posts\/13049"}],"collection":[{"href":"https:\/\/www.sportingcanal.com\/index.php?rest_route=\/wp\/v2\/posts"}],"about":[{"href":"https:\/\/www.sportingcanal.com\/index.php?rest_route=\/wp\/v2\/types\/post"}],"author":[{"embeddable":true,"href":"https:\/\/www.sportingcanal.com\/index.php?rest_route=\/wp\/v2\/users\/1"}],"replies":[{"embeddable":true,"href":"https:\/\/www.sportingcanal.com\/index.php?rest_route=%2Fwp%2Fv2%2Fcomments&post=13049"}],"version-history":[{"count":17,"href":"https:\/\/www.sportingcanal.com\/index.php?rest_route=\/wp\/v2\/posts\/13049\/revisions"}],"predecessor-version":[{"id":39633,"href":"https:\/\/www.sportingcanal.com\/index.php?rest_route=\/wp\/v2\/posts\/13049\/revisions\/39633"}],"wp:featuredmedia":[{"embeddable":true,"href":"https:\/\/www.sportingcanal.com\/index.php?rest_route=\/wp\/v2\/media\/13051"}],"wp:attachment":[{"href":"https:\/\/www.sportingcanal.com\/index.php?rest_route=%2Fwp%2Fv2%2Fmedia&parent=13049"}],"wp:term":[{"taxonomy":"category","embeddable":true,"href":"https:\/\/www.sportingcanal.com\/index.php?rest_route=%2Fwp%2Fv2%2Fcategories&post=13049"},{"taxonomy":"post_tag","embeddable":true,"href":"https:\/\/www.sportingcanal.com\/index.php?rest_route=%2Fwp%2Fv2%2Ftags&post=13049"}],"curies":[{"name":"wp","href":"https:\/\/api.w.org\/{rel}","templated":true}]}}