{"id":13057,"date":"2026-03-02T10:30:47","date_gmt":"2026-03-02T09:30:47","guid":{"rendered":"http:\/\/www.sportingcanal.com\/?p=13057"},"modified":"2026-03-02T11:08:05","modified_gmt":"2026-03-02T10:08:05","slug":"campeas-nacionais-coletivas-de-crosse-curto-e-titulos-individuais-para-leoes","status":"publish","type":"post","link":"https:\/\/www.sportingcanal.com\/?p=13057","title":{"rendered":"2013 \u2013 Campe\u00e3s Nacionais coletivas de Crosse curto e t\u00edtulos individuais para le\u00f5es"},"content":{"rendered":"<p>2 de Mar\u00e7o de 2013. Realizou-se nessa tarde em Coimbra o Campeonato Nacional de Corta-Mato curto, no qual o Sporting esteve muito bem representado.<\/p>\n<p>As &#8220;leoas&#8221; venceram individualmente e coletivamente, com Carla Salom\u00e9 Rocha como 1\u00aa classificada, seguida de Catarina Ribeiro (2.\u00aa), Clarisse Cruz (3.\u00aa) e Sandra Teixeira (4.\u00aa).<\/p>\n<p>Nos masculinos, o Sporting conquistou a melhor posi\u00e7\u00e3o individualmente, com Rui Silva no 1\u00ba lugar.\u00a0 Em termos coletivos os le\u00f5es ficaram no 2\u00ba lugar atr\u00e1s do Benfica (22 pontos contra 17 dos encarnados).<\/p>\n<p>O atleta leonino gastou 10m39s nos 4km do percurso, triunfando com 2 segundos de vantagem sobre Alberto Paulo, 4 sobre Tiago Costa e 6 sobre Ricardo Ribas, que cedeu na parte final. Estes tr\u00eas atletas do Benfica e ainda Jos\u00e9 Moreira, 8\u00ba classificado, garantiram o t\u00edtulo coletivo. Rui Pinto, 10.\u00ba da geral, sagrou-se campe\u00e3o sub-23.<br \/>\nA corrida feminina n\u00e3o teve hist\u00f3ria tal foi a superioridade do Sporting, que colocou as suas 4 atletas pontu\u00e1veis nos 4 primeiros lugares. Carla Salom\u00e9 Rocha acabaria por triunfar, com 12m01s, menos 1 segundo do que Catarina Ribeiro. Clarisse Cruz, com 12m12s completou o p\u00f3dio, e Sandra Teixeira, com 12m16s fechou a equipa, que somou 10 pontos, contra 47 da UD V\u00e1rzea, cuja melhor atleta foi a j\u00fanior Silvana Dias, em 5\u00ba lugar.<\/p>\n<div class=\"tweetthis\" style=\"text-align:left;\"><p> <a target=\"_blank\" rel=\"nofollow\" class=\"tt\" href=\"http:\/\/twitter.com\/home\/?status=2013+%E2%80%93+Campe%C3%A3s+Nacionais+coletivas+de+Crosse+curto+e+t%C3%ADtulos+individuais+para+le%C3%B5es+https%3A%2F%2Fis.gd%2FEQm5Ym\" title=\"Post to Twitter\"><img decoding=\"async\" class=\"nothumb\" src=\"http:\/\/www.sportingcanal.com\/wp-content\/plugins\/tweet-this\/icons\/en\/twitter\/tt-twitter6.png\" alt=\"Post to Twitter\" \/><\/a><\/p><\/div>","protected":false},"excerpt":{"rendered":"<p>2 de Mar\u00e7o de 2013. Realizou-se nessa tarde em Coimbra o Campeonato Nacional de Corta-Mato curto, no qual o Sporting esteve muito bem representado. As &#8220;leoas&#8221; venceram individualmente e coletivamente, com Carla Salom\u00e9 Rocha como 1\u00aa classificada, seguida de Catarina Ribeiro (2.\u00aa), Clarisse Cruz (3.\u00aa) e Sandra Teixeira (4.\u00aa). Nos masculinos, o Sporting conquistou a [&hellip;]<\/p>\n","protected":false},"author":1,"featured_media":13058,"comment_status":"open","ping_status":"open","sticky":false,"template":"","format":"standard","meta":{"_et_pb_use_builder":"","_et_pb_old_content":"","_et_gb_content_width":"","footnotes":""},"categories":[17],"tags":[21,22,48],"_links":{"self":[{"href":"https:\/\/www.sportingcanal.com\/index.php?rest_route=\/wp\/v2\/posts\/13057"}],"collection":[{"href":"https:\/\/www.sportingcanal.com\/index.php?rest_route=\/wp\/v2\/posts"}],"about":[{"href":"https:\/\/www.sportingcanal.com\/index.php?rest_route=\/wp\/v2\/types\/post"}],"author":[{"embeddable":true,"href":"https:\/\/www.sportingcanal.com\/index.php?rest_route=\/wp\/v2\/users\/1"}],"replies":[{"embeddable":true,"href":"https:\/\/www.sportingcanal.com\/index.php?rest_route=%2Fwp%2Fv2%2Fcomments&post=13057"}],"version-history":[{"count":17,"href":"https:\/\/www.sportingcanal.com\/index.php?rest_route=\/wp\/v2\/posts\/13057\/revisions"}],"predecessor-version":[{"id":39738,"href":"https:\/\/www.sportingcanal.com\/index.php?rest_route=\/wp\/v2\/posts\/13057\/revisions\/39738"}],"wp:featuredmedia":[{"embeddable":true,"href":"https:\/\/www.sportingcanal.com\/index.php?rest_route=\/wp\/v2\/media\/13058"}],"wp:attachment":[{"href":"https:\/\/www.sportingcanal.com\/index.php?rest_route=%2Fwp%2Fv2%2Fmedia&parent=13057"}],"wp:term":[{"taxonomy":"category","embeddable":true,"href":"https:\/\/www.sportingcanal.com\/index.php?rest_route=%2Fwp%2Fv2%2Fcategories&post=13057"},{"taxonomy":"post_tag","embeddable":true,"href":"https:\/\/www.sportingcanal.com\/index.php?rest_route=%2Fwp%2Fv2%2Ftags&post=13057"}],"curies":[{"name":"wp","href":"https:\/\/api.w.org\/{rel}","templated":true}]}}