{"id":1339,"date":"2026-01-12T08:30:44","date_gmt":"2026-01-12T07:30:44","guid":{"rendered":"http:\/\/www.sportingcanal.com\/?p=1339"},"modified":"2026-01-12T17:26:24","modified_gmt":"2026-01-12T16:26:24","slug":"atleta-europeu-do-ano-2006-foi-francis-obikwelu","status":"publish","type":"post","link":"https:\/\/www.sportingcanal.com\/?p=1339","title":{"rendered":"2006 &#8211; \u201cAtleta Europeu do Ano\u201d foi Francis Obikwelu"},"content":{"rendered":"<p>Francis Obikwelu foi nomeado Atleta Europeu do Ano 2006. A vota\u00e7\u00e3o foi feita por diferentes federa\u00e7\u00f5es europeias, p\u00fablico e jornalistas. O lituano Virgilijus Alekna (campe\u00e3o europeu do lan\u00e7amento do disco) ficou em 2\u00ba e o noruegu\u00eas Andreas Thorkildsen (lan\u00e7ador de dardo) foi 3\u00ba.<\/p>\n<p>O sportinguista afirmou: \u201cGosto muito do Sporting, est\u00e1 no meu cora\u00e7\u00e3o, e esta distin\u00e7\u00e3o tamb\u00e9m \u00e9 do Sporting e dos seus adeptos. N\u00e3o esque\u00e7o o que o clube e Moniz Pereira (um pai para mim) fizeram no desenvolvimento da minha carreira. Todo o meu trabalho em 2006 valeu a pena, esta foi a cereja no topo do bolo\u201d.<\/p>\n<div class=\"tweetthis\" style=\"text-align:left;\"><p> <a target=\"_blank\" rel=\"nofollow\" class=\"tt\" href=\"http:\/\/twitter.com\/home\/?status=2006+%E2%80%93+%E2%80%9CAtleta+Europeu+do+Ano%E2%80%9D+foi+Francis+Obikwelu+https%3A%2F%2Fis.gd%2F7sT7kq\" title=\"Post to Twitter\"><img decoding=\"async\" class=\"nothumb\" src=\"http:\/\/www.sportingcanal.com\/wp-content\/plugins\/tweet-this\/icons\/en\/twitter\/tt-twitter6.png\" alt=\"Post to Twitter\" \/><\/a><\/p><\/div>","protected":false},"excerpt":{"rendered":"<p>Francis Obikwelu foi nomeado Atleta Europeu do Ano 2006. A vota\u00e7\u00e3o foi feita por diferentes federa\u00e7\u00f5es europeias, p\u00fablico e jornalistas. O lituano Virgilijus Alekna (campe\u00e3o europeu do lan\u00e7amento do disco) ficou em 2\u00ba e o noruegu\u00eas Andreas Thorkildsen (lan\u00e7ador de dardo) foi 3\u00ba. O sportinguista afirmou: \u201cGosto muito do Sporting, est\u00e1 no meu cora\u00e7\u00e3o, e [&hellip;]<\/p>\n","protected":false},"author":1,"featured_media":1341,"comment_status":"open","ping_status":"open","sticky":false,"template":"","format":"standard","meta":{"_et_pb_use_builder":"","_et_pb_old_content":"","_et_gb_content_width":"","footnotes":""},"categories":[4],"tags":[21],"_links":{"self":[{"href":"https:\/\/www.sportingcanal.com\/index.php?rest_route=\/wp\/v2\/posts\/1339"}],"collection":[{"href":"https:\/\/www.sportingcanal.com\/index.php?rest_route=\/wp\/v2\/posts"}],"about":[{"href":"https:\/\/www.sportingcanal.com\/index.php?rest_route=\/wp\/v2\/types\/post"}],"author":[{"embeddable":true,"href":"https:\/\/www.sportingcanal.com\/index.php?rest_route=\/wp\/v2\/users\/1"}],"replies":[{"embeddable":true,"href":"https:\/\/www.sportingcanal.com\/index.php?rest_route=%2Fwp%2Fv2%2Fcomments&post=1339"}],"version-history":[{"count":20,"href":"https:\/\/www.sportingcanal.com\/index.php?rest_route=\/wp\/v2\/posts\/1339\/revisions"}],"predecessor-version":[{"id":39485,"href":"https:\/\/www.sportingcanal.com\/index.php?rest_route=\/wp\/v2\/posts\/1339\/revisions\/39485"}],"wp:featuredmedia":[{"embeddable":true,"href":"https:\/\/www.sportingcanal.com\/index.php?rest_route=\/wp\/v2\/media\/1341"}],"wp:attachment":[{"href":"https:\/\/www.sportingcanal.com\/index.php?rest_route=%2Fwp%2Fv2%2Fmedia&parent=1339"}],"wp:term":[{"taxonomy":"category","embeddable":true,"href":"https:\/\/www.sportingcanal.com\/index.php?rest_route=%2Fwp%2Fv2%2Fcategories&post=1339"},{"taxonomy":"post_tag","embeddable":true,"href":"https:\/\/www.sportingcanal.com\/index.php?rest_route=%2Fwp%2Fv2%2Ftags&post=1339"}],"curies":[{"name":"wp","href":"https:\/\/api.w.org\/{rel}","templated":true}]}}