{"id":134,"date":"2025-12-01T13:30:47","date_gmt":"2025-12-01T12:30:47","guid":{"rendered":"http:\/\/www.sportingcanal.com\/?p=134"},"modified":"2025-12-01T21:08:56","modified_gmt":"2025-12-01T20:08:56","slug":"show-de-manuel-fernandes-na-1%c2%aa-st","status":"publish","type":"post","link":"https:\/\/www.sportingcanal.com\/?p=134","title":{"rendered":"1982 \u2013 Show de Manuel Fernandes na Superta\u00e7a de Futebol"},"content":{"rendered":"<p>1 de Dezembro de 1982. Depois de ter perdido na 1\u00aa m\u00e3o em Braga por 2-1, o Sporting conquistou brilhantemente, em Alvalade (perante 25.000 pessoas), a sua 1\u00aa Superta\u00e7a nacional ao &#8220;esmagar&#8221; os bracarenses (de Juca) por 6-1.<\/p>\n<p>Sob o comando de Ant\u00f3nio Oliveira (que acumulava as fun\u00e7\u00f5es de treinador e jogador) o Sporting alinhou com:\u00a0Meszaros; Virg\u00edlio, Kikas (Jos\u00e9 Eduardo), Carlos Xavier e M\u00e1rio Jorge; Lito, Marinho e Kostov; Freire (Bukovac), Jord\u00e3o e Manuel Fernandes.<\/p>\n<p>O Sporting come\u00e7ou muito cedo a construir a sua vit\u00f3ria. Logo aos 2 minutos, numa jogada r\u00e1pida de ataque, Lito e Manuel Fernandes surgiram em boa posi\u00e7\u00e3o para inaugurar o marcador &#8211; foi o capit\u00e3o a faz\u00ea-lo.\u00a07 minutos depois surgiu o 2-0 e a vantagem na competi\u00e7\u00e3o. Jord\u00e3o, de cabe\u00e7a, correspondeu com mestria a um centro largo de Manuel Fernandes.<\/p>\n<p>O intervalo chegou com 2-0 e talvez n\u00e3o se esperasse a goleada que viria a surgir no 2\u00ba per\u00edodo de jogo.\u00a0Aos 64 minutos Virg\u00edlio cruzou ao 2\u00ba poste e, de novo Jord\u00e3o, outra vez de cabe\u00e7a, aumentou a contagem. 3 minutos se passaram para que Lito fizesse o 4\u00ba golo, num belo chap\u00e9u a Valter depois duma magn\u00edfica combina\u00e7\u00e3o entre Jord\u00e3o e Kostov.\u00a0A 9 minutos do fim Manuel Fernandes bisou, recargando um remate fort\u00edssimo de Lito.<\/p>\n<p>O Sporting \u201cfechou a loja\u201d aos 84 minutos com um golo espetacular de Manuel Fernandes (o seu 3\u00ba). Partindo do meio campo, o avan\u00e7ado leonino driblou 5 advers\u00e1rios at\u00e9 entrar na \u00e1rea e rematar a contar. O Est\u00e1dio, naturalmente, levantou-se em j\u00fabilo.<\/p>\n<p>Ainda houve tempo para, aos 86 minutos, o Sporting de Braga fazer o seu golo de honra por V\u00edtor Oliveira, de penalty, a castigar falta de Meszaros sobre Fontes.<\/p>\n<p>Jaime Lopes, chefe do departamento de futebol leonino, afirmou no final: \u201cFoi a 1\u00aa grande vit\u00f3ria do Sporting este ano, mas desde a \u00e9poca passada que n\u00e3o paramos de ganhar t\u00edtulos\u201d. Quanto aos problemas que se dizia existirem no balne\u00e1rio: \u201cFoi pena que n\u00e3o estivessem estado ainda agora l\u00e1 dentro. Tir\u00e1mos fotografias com a Superta\u00e7a, toda a gente estava satisfeita, toda a gente ria&#8230; Realmente o nosso capit\u00e3o Manuel Fernandes est\u00e1 a ser ouvido devido a uma entrevista dada ao jornal A Bola, e at\u00e9 a atribui\u00e7\u00e3o de culpas est\u00e1 inocente&#8230;\u201d Nessa referida entrevista o capit\u00e3o sportinguista havia elogiado expressamente o (despedido) t\u00e9cnico Malcolm Allison, o que n\u00e3o caiu bem entre a classe dirigente leonina&#8230;<\/p>\n<div class=\"tweetthis\" style=\"text-align:left;\"><p> <a target=\"_blank\" rel=\"nofollow\" class=\"tt\" href=\"http:\/\/twitter.com\/home\/?status=1982+%E2%80%93+Show+de+Manuel+Fernandes+na+Superta%C3%A7a+de+Futebol+https%3A%2F%2Fis.gd%2FagO4et\" title=\"Post to Twitter\"><img decoding=\"async\" class=\"nothumb\" src=\"http:\/\/www.sportingcanal.com\/wp-content\/plugins\/tweet-this\/icons\/en\/twitter\/tt-twitter6.png\" alt=\"Post to Twitter\" \/><\/a><\/p><\/div>","protected":false},"excerpt":{"rendered":"<p>1 de Dezembro de 1982. Depois de ter perdido na 1\u00aa m\u00e3o em Braga por 2-1, o Sporting conquistou brilhantemente, em Alvalade (perante 25.000 pessoas), a sua 1\u00aa Superta\u00e7a nacional ao &#8220;esmagar&#8221; os bracarenses (de Juca) por 6-1. Sob o comando de Ant\u00f3nio Oliveira (que acumulava as fun\u00e7\u00f5es de treinador e jogador) o Sporting alinhou [&hellip;]<\/p>\n","protected":false},"author":1,"featured_media":135,"comment_status":"open","ping_status":"open","sticky":false,"template":"","format":"standard","meta":{"_et_pb_use_builder":"","_et_pb_old_content":"","_et_gb_content_width":"","footnotes":""},"categories":[17],"tags":[8,18],"_links":{"self":[{"href":"https:\/\/www.sportingcanal.com\/index.php?rest_route=\/wp\/v2\/posts\/134"}],"collection":[{"href":"https:\/\/www.sportingcanal.com\/index.php?rest_route=\/wp\/v2\/posts"}],"about":[{"href":"https:\/\/www.sportingcanal.com\/index.php?rest_route=\/wp\/v2\/types\/post"}],"author":[{"embeddable":true,"href":"https:\/\/www.sportingcanal.com\/index.php?rest_route=\/wp\/v2\/users\/1"}],"replies":[{"embeddable":true,"href":"https:\/\/www.sportingcanal.com\/index.php?rest_route=%2Fwp%2Fv2%2Fcomments&post=134"}],"version-history":[{"count":31,"href":"https:\/\/www.sportingcanal.com\/index.php?rest_route=\/wp\/v2\/posts\/134\/revisions"}],"predecessor-version":[{"id":39330,"href":"https:\/\/www.sportingcanal.com\/index.php?rest_route=\/wp\/v2\/posts\/134\/revisions\/39330"}],"wp:featuredmedia":[{"embeddable":true,"href":"https:\/\/www.sportingcanal.com\/index.php?rest_route=\/wp\/v2\/media\/135"}],"wp:attachment":[{"href":"https:\/\/www.sportingcanal.com\/index.php?rest_route=%2Fwp%2Fv2%2Fmedia&parent=134"}],"wp:term":[{"taxonomy":"category","embeddable":true,"href":"https:\/\/www.sportingcanal.com\/index.php?rest_route=%2Fwp%2Fv2%2Fcategories&post=134"},{"taxonomy":"post_tag","embeddable":true,"href":"https:\/\/www.sportingcanal.com\/index.php?rest_route=%2Fwp%2Fv2%2Ftags&post=134"}],"curies":[{"name":"wp","href":"https:\/\/api.w.org\/{rel}","templated":true}]}}