{"id":1347,"date":"0206-02-23T08:00:33","date_gmt":"0206-02-23T07:00:33","guid":{"rendered":"http:\/\/www.sportingcanal.com\/?p=1347"},"modified":"2026-02-23T10:31:26","modified_gmt":"2026-02-23T09:31:26","slug":"jorge-vieira","status":"publish","type":"post","link":"https:\/\/www.sportingcanal.com\/?p=1347","title":{"rendered":"Jorge Vieira"},"content":{"rendered":"<p>Jorge Gomes Vieira nasceu a 23 de Fevereiro de 1898 em Lisboa.\u00a0Em Outubro de 1911 estreou-se com a camisola leonina nas camadas jovens, mas o seu 1\u00ba jogo oficial na equipa principal, com apenas 16 anos (por essa altura j\u00e1 trabalhava nas oficinas da Imprensa Nacional, onde ficou 38 anos), e como defesa-esquerdo (sua posi\u00e7\u00e3o de sempre) ocorreu a 17 de Janeiro de 1915 num Benfica-Sporting (3-0) disputado em Sete Rios. Nessa \u00e9poca o Sporting conseguiu o seu 1\u00ba t\u00edtulo oficial com a conquista do Regional lisboeta. Jorge Vieira tinha de caminhar a p\u00e9 do Dafundo a Carcavelos para treinar, mas pelo Sporting, seu grande amor, valia a pena o esfor\u00e7o.<\/p>\n<p>Disputou o 1\u00ba jogo da Sele\u00e7\u00e3o Nacional (onde alinhou 17 vezes e se tornou uma refer\u00eancia) &#8211; um Espanha-Portugal realizado em Madrid em Dezembro de 1921 (1-3). Ao mesmo tempo tornou-se um importante \u00e1rbitro internacional (fun\u00e7\u00e3o na qual foi o 1\u00ba no nosso pa\u00eds, e se estreou aos 23 anos).<br \/>\nFicou conhecido como o \u201ccapit\u00e3o perfeito\u201d devido \u00e0 sua postura e capacidade de lideran\u00e7a. Era um verdadeiro desportista, respeitado por todos, um grande exemplo para os colegas que liderava com denodo, transportando o testemunho de Francisco Stromp. Para al\u00e9m de tudo isso era um extraordin\u00e1rio jogador (um dos melhores defesas de sempre) e um elemento interventivo \u2013 foram dele, por exemplo, as primeiras dilig\u00eancias s\u00e9rias para profissionalizar os futebolistas.<\/p>\n<p>A 12 de Maio de 1932 fez o seu \u00faltimo jogo oficial pelo Sporting num desafio frente ao Benfica (que ficou famoso por ser um dos mais violentos de sempre) que os le\u00f5es venceram por 1-0.<\/p>\n<p>\u00c9 detentor do recorde de mais \u00e9pocas de perman\u00eancia no Sporting, 18. Nunca conheceu outro clube, tendo conquistado 1 Campeonato de Portugal e 7 Regionais lisboetas.<\/p>\n<p>Mais tarde experimentou a carreira de treinador &#8211; no Uni\u00e3o de Lisboa e mais tarde em Luanda, para al\u00e9m de ter sido Selecionador Nacional de Juniores.\u00a0Desempenhou ainda cargos diretivos na Comiss\u00e3o Central de \u00c1rbitros e na Associa\u00e7\u00e3o de Futebol de Lisboa.<\/p>\n<p>Foi condecorado diversas vezes. Em 1931 recebeu a Medalha de M\u00e9rito e Dedica\u00e7\u00e3o por altura das comemora\u00e7\u00f5es das Bodas de Prata do Sporting.\u00a0Patrono do Grupo \u201cOs Cinquenten\u00e1rios\u201d, foi-lhe dada a Medalha de M\u00e9rito Desportivo pela DGD em 1979. 2 anos depois foi-lhe concedida pelo Presidente da Rep\u00fablica a Medalha da Ordem do Infante D. Henrique. Em 1982 recebeu da UEFA o Diploma de Fair-Play e em 1985 tornou-se no 1\u00ba s\u00f3cio a receber o emblema de 75 anos de filia\u00e7\u00e3o no Sporting.<\/p>\n<p>O seu prest\u00edgio ultrapassou fronteiras. Foi agraciado com a Cruz de Prata da Ordem de M\u00e9rito pelo Rei de Espanha, D. Afonso XIII devido \u00e0s suas fun\u00e7\u00f5es ao servi\u00e7o do Futebol.<\/p>\n<p>Morreu a 6 de Agosto de 1986 numa altura em que era o s\u00f3cio n\u00famero 1 do Sporting.<\/p>\n<div class=\"tweetthis\" style=\"text-align:left;\"><p> <a target=\"_blank\" rel=\"nofollow\" class=\"tt\" href=\"http:\/\/twitter.com\/home\/?status=Jorge+Vieira+https%3A%2F%2Fis.gd%2FdKgsDr\" title=\"Post to Twitter\"><img decoding=\"async\" class=\"nothumb\" src=\"http:\/\/www.sportingcanal.com\/wp-content\/plugins\/tweet-this\/icons\/en\/twitter\/tt-twitter6.png\" alt=\"Post to Twitter\" \/><\/a><\/p><\/div>","protected":false},"excerpt":{"rendered":"<p>Jorge Gomes Vieira nasceu a 23 de Fevereiro de 1898 em Lisboa.\u00a0Em Outubro de 1911 estreou-se com a camisola leonina nas camadas jovens, mas o seu 1\u00ba jogo oficial na equipa principal, com apenas 16 anos (por essa altura j\u00e1 trabalhava nas oficinas da Imprensa Nacional, onde ficou 38 anos), e como defesa-esquerdo (sua posi\u00e7\u00e3o [&hellip;]<\/p>\n","protected":false},"author":1,"featured_media":1349,"comment_status":"open","ping_status":"open","sticky":false,"template":"","format":"standard","meta":{"_et_pb_use_builder":"","_et_pb_old_content":"","_et_gb_content_width":"","footnotes":""},"categories":[13],"tags":[65,8,217],"_links":{"self":[{"href":"https:\/\/www.sportingcanal.com\/index.php?rest_route=\/wp\/v2\/posts\/1347"}],"collection":[{"href":"https:\/\/www.sportingcanal.com\/index.php?rest_route=\/wp\/v2\/posts"}],"about":[{"href":"https:\/\/www.sportingcanal.com\/index.php?rest_route=\/wp\/v2\/types\/post"}],"author":[{"embeddable":true,"href":"https:\/\/www.sportingcanal.com\/index.php?rest_route=\/wp\/v2\/users\/1"}],"replies":[{"embeddable":true,"href":"https:\/\/www.sportingcanal.com\/index.php?rest_route=%2Fwp%2Fv2%2Fcomments&post=1347"}],"version-history":[{"count":22,"href":"https:\/\/www.sportingcanal.com\/index.php?rest_route=\/wp\/v2\/posts\/1347\/revisions"}],"predecessor-version":[{"id":39696,"href":"https:\/\/www.sportingcanal.com\/index.php?rest_route=\/wp\/v2\/posts\/1347\/revisions\/39696"}],"wp:featuredmedia":[{"embeddable":true,"href":"https:\/\/www.sportingcanal.com\/index.php?rest_route=\/wp\/v2\/media\/1349"}],"wp:attachment":[{"href":"https:\/\/www.sportingcanal.com\/index.php?rest_route=%2Fwp%2Fv2%2Fmedia&parent=1347"}],"wp:term":[{"taxonomy":"category","embeddable":true,"href":"https:\/\/www.sportingcanal.com\/index.php?rest_route=%2Fwp%2Fv2%2Fcategories&post=1347"},{"taxonomy":"post_tag","embeddable":true,"href":"https:\/\/www.sportingcanal.com\/index.php?rest_route=%2Fwp%2Fv2%2Ftags&post=1347"}],"curies":[{"name":"wp","href":"https:\/\/api.w.org\/{rel}","templated":true}]}}