{"id":13862,"date":"2025-06-09T10:30:54","date_gmt":"2025-06-09T09:30:54","guid":{"rendered":"http:\/\/www.sportingcanal.com\/?p=13862"},"modified":"2025-06-09T13:09:59","modified_gmt":"2025-06-09T12:09:59","slug":"atletismo-leoas-sao-campeas-nacionais-pela-43%c2%aa-vez","status":"publish","type":"post","link":"https:\/\/www.sportingcanal.com\/?p=13862","title":{"rendered":"2013 \u2013 43\u00ba Campeonato Nacional de Atletismo para as sportinguistas"},"content":{"rendered":"<p><a href=\"http:\/\/www.sportingcanal.com\/wp-content\/uploads\/2013\/06\/atletismo-2012-13-equipa-CN-F.png\"><img loading=\"lazy\" decoding=\"async\" class=\"alignleft size-full wp-image-13863\" title=\"atletismo - 2012-13 equipa CN F\" src=\"http:\/\/www.sportingcanal.com\/wp-content\/uploads\/2013\/06\/atletismo-2012-13-equipa-CN-F.png\" alt=\"\" width=\"300\" height=\"300\" srcset=\"https:\/\/www.sportingcanal.com\/wp-content\/uploads\/2013\/06\/atletismo-2012-13-equipa-CN-F.png 300w, https:\/\/www.sportingcanal.com\/wp-content\/uploads\/2013\/06\/atletismo-2012-13-equipa-CN-F-150x150.png 150w\" sizes=\"(max-width: 300px) 100vw, 300px\" \/><\/a>9 de Junho de 2013. A equipa feminina de Atletismo do Sporting conquistou o seu 43\u00ba \u00a0t\u00edtulo de Campe\u00e3 Nacional, ao ganhar a final realizada no Est\u00e1dio Universit\u00e1rio de Lisboa.\u00a0<span style=\"font-size: 13px; line-height: 19px;\">O nosso Clube terminou com 162 pontos pontos, muito acima do Benfica, que fez 143.<\/span><\/p>\n<p>No setor masculino, os nossos atletas bateram-se igualmente de forma merit\u00f3ria, terminando em 2\u00ba lugar, com 151 pontos, apenas menos 7 do que o Benfica. Recorde-se que houve 3 aus\u00eancias de peso: os lesionados Francis Obikwelu, Carlos Nascimento e Jo\u00e3o Almeida.<\/p>\n<p>Os le\u00f5es vencedores nas v\u00e1rias disciplinas:<\/p>\n<p><span style=\"font-size: 13px; line-height: 19px;\">F<br \/>\n100m \u2013 Andreia Felisberto \u2013 12,00s<br \/>\n4X100m \u2013 46,58s<br \/>\n200m &#8211; Carla Tavares \u2013 24,30s<br \/>\n400m \u2013 C\u00e1tia Azevedo \u2013 54,53s<br \/>\n4x400m \u2013 3m40,92s<br \/>\n800m &#8211; Sandra Teixeira \u2013 02m07, 74s<br \/>\n1.500m \u2013 Sandra Teixeira \u2013 4m26,45s<br \/>\n3.000m &#8211;\u00a0 Doroteia Peixoto \u2013 10m03,01s<br \/>\n3.000m obs. \u2013 Clarisse Cruz \u2013 10m11,85s<br \/>\n3.000m marcha \u2013 Vera Santos \u2013 12m58,36s<br \/>\n5.000m \u2013 Carla Salom\u00e9 Rocha \u2013 16m06,54s<br \/>\nDardo &#8211; S\u00edlvia Cruz \u2013 55m12cm<br \/>\nDisco \u2013 Irina Rodrigues \u2013 54m66cm<br \/>\nMartelo \u2013 V\u00e2nia Silva \u2013 61m59cm<br \/>\nPeso &#8211; Irina Rodrigues \u2013 14m07cm<br \/>\nTriplo-salto &#8211; Patr\u00edcia Mamona &#8211; 13m37cm<\/span><\/p>\n<p>M<br \/>\n200m &#8211; David Lima &#8211; 21,14s<br \/>\n400m \u2013 Victor Santos \u2013 47,52s<br \/>\n4&#215;400 m &#8211;\u00a0 3m13,22s<br \/>\n400m b. &#8211; Ricardo Lima &#8211; 50,96s<br \/>\n5.000m \u2013 Rui Silva \u2013 14m19,38s<br \/>\n5.000m marcha \u2013 Jo\u00e3o Vieira \u2013 20m27,86s<br \/>\nMartelo &#8211; D\u00e1rio Manso \u2013 66m37cm<br \/>\nVara \u2013 Edi Maia \u2013 5m55cm<\/p>\n<p><span style=\"font-size: 13px; line-height: 19px;\">Os restantes resultados de atletas do Sporting foram os seguintes:<\/span><\/p>\n<p><span style=\"font-size: 13px; line-height: 19px;\">F<br \/>\n100m b. &#8211;\u00a0 2.\u00aa Andreia Felisberto<br \/>\n400m b. &#8211; \u00a02.\u00aa Carolina Duarte<br \/>\nAltura \u2013 2\u00aa Marisa Anselmo<br \/>\nComprimento \u2013 3\u00aa Naide Gomes<br \/>\nVara \u2013 2\u00aa Marta Onofre<\/span><\/p>\n<p>M<br \/>\n100m \u2013 3\u00ba David Lima<br \/>\n800m \u2013 2\u00ba Fernando Silva<br \/>\n1.500m \u2013 2\u00ba Jo\u00e3o Br\u00e1s<br \/>\n3.000m \u2013 2\u00ba Rui Silva<br \/>\n3.000m obs \u2013 2\u00ba Daniel Greg\u00f3rio<br \/>\nAltura \u2013 2\u00ba Roman Giuly<br \/>\nComprimento \u2013 2\u00ba Gaspar Ara\u00fajo<br \/>\nDardo \u2013 2\u00ba Lu\u00eds Almeida<br \/>\nPeso \u2013 2\u00ba Francisco Belo<\/p>\n<p>Abreu Matos, diretor t\u00e9cnico do atletismo do Sporting, mostrou-se satisfeito com o desempenho do nosso Clube: &#8220;As nossas expetativas foram cumpridas (\u2026) mais ponto ou menos ponto, aconteceu o que se esperava&#8221;.\u00a0<span style=\"font-size: 13px; line-height: 19px;\">Deu os parab\u00e9ns a todos os atletas do Sporting, deixando uma men\u00e7\u00e3o especial a dois deles. &#8220;At\u00e9 pode parecer um pouco imerecido em rela\u00e7\u00e3o a todos os outros, que deram o seu melhor com grande convic\u00e7\u00e3o, mas tenho de referir o nome de Victor Santos, que fez uma extraordin\u00e1ria corrida de 400 metros e foi decisivo para a nossa vit\u00f3ria na estafeta dos 4&#215;100 metros. E ainda o David Lima, nos 200, 100 metros e na estafeta. Quanto ao setor feminino, creio que a nossa equipa se bateu como um todo, sem pontos fracos e sem que alguma tenha feito um resultado extraordin\u00e1rio, mostrando que s\u00e3o as melhores atletas nacionais do momento&#8221;, frisou.<\/span><\/p>\n<p><span style=\"font-size: 13px; line-height: 19px;\">Parab\u00e9ns aos brilhantes atletas do Sporting, que continuam a elevar bem alto o nome do Atletismo do clube.<\/span><\/p>\n<div class=\"tweetthis\" style=\"text-align:left;\"><p> <a target=\"_blank\" rel=\"nofollow\" class=\"tt\" href=\"http:\/\/twitter.com\/home\/?status=2013+%E2%80%93+43%C2%BA+Campeonato+Nacional+de+Atletismo+para+as+sportinguistas+https%3A%2F%2Fis.gd%2FI4Hl46\" title=\"Post to Twitter\"><img decoding=\"async\" class=\"nothumb\" src=\"http:\/\/www.sportingcanal.com\/wp-content\/plugins\/tweet-this\/icons\/en\/twitter\/tt-twitter6.png\" alt=\"Post to Twitter\" \/><\/a><\/p><\/div>","protected":false},"excerpt":{"rendered":"<p>9 de Junho de 2013. A equipa feminina de Atletismo do Sporting conquistou o seu 43\u00ba \u00a0t\u00edtulo de Campe\u00e3 Nacional, ao ganhar a final realizada no Est\u00e1dio Universit\u00e1rio de Lisboa.\u00a0O nosso Clube terminou com 162 pontos pontos, muito acima do Benfica, que fez 143. No setor masculino, os nossos atletas bateram-se igualmente de forma merit\u00f3ria, [&hellip;]<\/p>\n","protected":false},"author":1,"featured_media":37900,"comment_status":"open","ping_status":"closed","sticky":false,"template":"","format":"standard","meta":{"_et_pb_use_builder":"","_et_pb_old_content":"","_et_gb_content_width":"","footnotes":""},"categories":[17],"tags":[21,22],"_links":{"self":[{"href":"https:\/\/www.sportingcanal.com\/index.php?rest_route=\/wp\/v2\/posts\/13862"}],"collection":[{"href":"https:\/\/www.sportingcanal.com\/index.php?rest_route=\/wp\/v2\/posts"}],"about":[{"href":"https:\/\/www.sportingcanal.com\/index.php?rest_route=\/wp\/v2\/types\/post"}],"author":[{"embeddable":true,"href":"https:\/\/www.sportingcanal.com\/index.php?rest_route=\/wp\/v2\/users\/1"}],"replies":[{"embeddable":true,"href":"https:\/\/www.sportingcanal.com\/index.php?rest_route=%2Fwp%2Fv2%2Fcomments&post=13862"}],"version-history":[{"count":19,"href":"https:\/\/www.sportingcanal.com\/index.php?rest_route=\/wp\/v2\/posts\/13862\/revisions"}],"predecessor-version":[{"id":37901,"href":"https:\/\/www.sportingcanal.com\/index.php?rest_route=\/wp\/v2\/posts\/13862\/revisions\/37901"}],"wp:featuredmedia":[{"embeddable":true,"href":"https:\/\/www.sportingcanal.com\/index.php?rest_route=\/wp\/v2\/media\/37900"}],"wp:attachment":[{"href":"https:\/\/www.sportingcanal.com\/index.php?rest_route=%2Fwp%2Fv2%2Fmedia&parent=13862"}],"wp:term":[{"taxonomy":"category","embeddable":true,"href":"https:\/\/www.sportingcanal.com\/index.php?rest_route=%2Fwp%2Fv2%2Fcategories&post=13862"},{"taxonomy":"post_tag","embeddable":true,"href":"https:\/\/www.sportingcanal.com\/index.php?rest_route=%2Fwp%2Fv2%2Ftags&post=13862"}],"curies":[{"name":"wp","href":"https:\/\/api.w.org\/{rel}","templated":true}]}}