{"id":1426,"date":"2025-11-01T08:00:13","date_gmt":"2025-11-01T07:00:13","guid":{"rendered":"http:\/\/www.sportingcanal.com\/?p=1426"},"modified":"2026-01-28T11:21:12","modified_gmt":"2026-01-28T10:21:12","slug":"fernando-mamede","status":"publish","type":"post","link":"https:\/\/www.sportingcanal.com\/?p=1426","title":{"rendered":"Fernando Mamede"},"content":{"rendered":"<p>Fernando Eug\u00e9nio Pacheco Mamede nasceu a 1 de Novembro de 1951 em Beja.\u00a0Era uma crian\u00e7a quando come\u00e7ou a adorar o desporto e tinha o sonho de ser jogador de futebol no seu clube do cora\u00e7\u00e3o &#8211; o Sporting. Um dia foi escolhido para participar no Campeonato Distrital de Corta-Mato (Beja) e venceu. Ganhou-lhe o gosto e a\u00ed surgiu o seu esp\u00edrito de campe\u00e3o.<\/p>\n<p>Em 1968 deu nas vistas nuns campeonatos escolares de pista e ingressou imediatamente no Sporting onde lhe arranjaram um emprego na secretaria do clube, na sec\u00e7\u00e3o de contabilidade. Mais tarde foi para o departamento de futebol, em Alvalade, o que lhe permitiu melhorar as suas condi\u00e7\u00f5es de treino.<\/p>\n<p>Potencialmente \u00e9 considerado por muitos o melhor atleta de sempre em Portugal, mas problemas psicol\u00f3gicos frequentes fizeram-no perder muitos momentos de poss\u00edvel gl\u00f3ria, num palmar\u00e9s, ainda assim, que s\u00f3 encontra paralelo no seu grande rival Carlos Lopes.<\/p>\n<p>Segundo as suas pr\u00f3prias palavras: \u201cEra, incontestavelmente, o melhor de todos. Perdi medalhas mas fiz coisas fabulosas no Atletismo. Por isso estou feliz por ter nascido, feliz por ter vivido o que vivi. S\u00f3 por parvo\u00edce poderia sentir m\u00e1goa de mim ou ter raz\u00f5es de queixa do destino.\u201d<\/p>\n<p>\u00c9 um dos principais respons\u00e1veis por o Sporting ser um dos clubes da Europa com mais t\u00edtulos europeus. S\u00f3 \u00e0 sua conta contribuiu decisivamente para 8 desses t\u00edtulos no Crosse, triunfando inclusivamente em duas ocasi\u00f5es. A n\u00edvel interno foi por 6 vezes campe\u00e3o nacional da especialialidade.<\/p>\n<p>No que diz respeito \u00e0 pista as suas proezas foram imensas. Na Ta\u00e7a dos Campe\u00f5es Europeus venceu por 3 vezes os 10.000 metros, por duas os 5.000 e por 3 os 1.500 metros.<\/p>\n<p>Arrecadou ainda 1 t\u00edtulo de Campe\u00e3o de Portugal Individual nos 800 metros, 3 nos 1.500 metros, 1 nos 4&#215;800 e 2 nos 4X1.500 metros. Contribuiu para um vasto rol de t\u00edtulos coletivos a n\u00edvel nacional e regional.<\/p>\n<p>Nas grandes provas internacionais n\u00e3o conseguiu fazer valer os seus argumentos por motivos que todos conhecem, mas em meetings brilhou como ningu\u00e9m. A 30 de Maio de 1981 bateu o recorde da Europa nos 10.000 metros com a marca de 27m27,7s no Est\u00e1dio Jos\u00e9 Alvalade. Em Junho do ano seguinte Carlos Lopes tirou-lho, mas Mamede \u201crespondeu \u00e0 letra\u201d e 1 m\u00eas depois voltou a conseguir o melhor m\u00e1ximo com 27m22,95s. A 2 de Julho de 1984 atingiu a gl\u00f3ria suprema ao bater o recorde do mundo da dist\u00e2ncia com 27m13,91s. Esse feito manteve-se at\u00e9 18 Agosto de 1989, ano em que abandonou o clube (e foi recorde europeu por 15 anos!).<\/p>\n<p>Foi tamb\u00e9m recordista nacional dos 500, 800, 1.000, 1.500, milha, 2.000, 3.000, 5.000 e 10.000 metros, para al\u00e9m das estafetas de 4X400, 4X800 e 4X1.500!<\/p>\n<p>\u00c9 s\u00f3cio de m\u00e9rito do Sporting Clube de Portugal, da Associa\u00e7\u00e3o de Atletismo de Lisboa e da Federa\u00e7\u00e3o Portuguesa de Atletismo. Foi condecorado com a Medalha de Prata da Cidade de Beja e da Cidade de Lisboa. \u00c9 detentor da Medalha de M\u00e9rito desportivo, Medalha de Honra ao M\u00e9rito Desportivo e tem a Ordem do Comendador. Recebeu tamb\u00e9m o Trof\u00e9u Carreira Desportiva\/Prest\u00edgio pela Funda\u00e7\u00e3o do Desporto, o Pr\u00e9mio Visconde de Alvalade, o Pr\u00e9mio <a href=\"http:\/\/www.sportingcanal.com\/?p=1442\">Joaquim Agostinho<\/a>, o Pr\u00e9mio CNID e o Pr\u00e9mio de Melhor Atleta Mundial pela Imprensa Estrangeira (1983). Foi tamb\u00e9m, obviamente, pr\u00e9mio Stromp.<\/p>\n<p>Pertenceu muitos anos ao \u201cstaff\u201d do Atletismo leonino. Morreu a 27 de Janeiro de 2026..<\/p>\n<p><img loading=\"lazy\" decoding=\"async\" class=\"alignleft size-full wp-image-39534\" src=\"http:\/\/www.sportingcanal.com\/wp-content\/uploads\/2024\/11\/atletismo-fernando-mamede5.png\" alt=\"\" width=\"1242\" height=\"1882\" srcset=\"http:\/\/www.sportingcanal.com\/wp-content\/uploads\/2024\/11\/atletismo-fernando-mamede5.png 1242w, http:\/\/www.sportingcanal.com\/wp-content\/uploads\/2024\/11\/atletismo-fernando-mamede5-980x1485.png 980w, http:\/\/www.sportingcanal.com\/wp-content\/uploads\/2024\/11\/atletismo-fernando-mamede5-480x727.png 480w\" sizes=\"(min-width: 0px) and (max-width: 480px) 480px, (min-width: 481px) and (max-width: 980px) 980px, (min-width: 981px) 1242px, 100vw\" \/><\/p>\n<div class=\"tweetthis\" style=\"text-align:left;\"><p> <a target=\"_blank\" rel=\"nofollow\" class=\"tt\" href=\"http:\/\/twitter.com\/home\/?status=Fernando+Mamede+https%3A%2F%2Fis.gd%2FcH123W\" title=\"Post to Twitter\"><img decoding=\"async\" class=\"nothumb\" src=\"http:\/\/www.sportingcanal.com\/wp-content\/plugins\/tweet-this\/icons\/en\/twitter\/tt-twitter6.png\" alt=\"Post to Twitter\" \/><\/a><\/p><\/div>","protected":false},"excerpt":{"rendered":"<p>Fernando Eug\u00e9nio Pacheco Mamede nasceu a 1 de Novembro de 1951 em Beja.\u00a0Era uma crian\u00e7a quando come\u00e7ou a adorar o desporto e tinha o sonho de ser jogador de futebol no seu clube do cora\u00e7\u00e3o &#8211; o Sporting. Um dia foi escolhido para participar no Campeonato Distrital de Corta-Mato (Beja) e venceu. Ganhou-lhe o gosto [&hellip;]<\/p>\n","protected":false},"author":1,"featured_media":1437,"comment_status":"open","ping_status":"open","sticky":false,"template":"","format":"standard","meta":{"_et_pb_use_builder":"","_et_pb_old_content":"","_et_gb_content_width":"","footnotes":""},"categories":[13],"tags":[21],"_links":{"self":[{"href":"https:\/\/www.sportingcanal.com\/index.php?rest_route=\/wp\/v2\/posts\/1426"}],"collection":[{"href":"https:\/\/www.sportingcanal.com\/index.php?rest_route=\/wp\/v2\/posts"}],"about":[{"href":"https:\/\/www.sportingcanal.com\/index.php?rest_route=\/wp\/v2\/types\/post"}],"author":[{"embeddable":true,"href":"https:\/\/www.sportingcanal.com\/index.php?rest_route=\/wp\/v2\/users\/1"}],"replies":[{"embeddable":true,"href":"https:\/\/www.sportingcanal.com\/index.php?rest_route=%2Fwp%2Fv2%2Fcomments&post=1426"}],"version-history":[{"count":25,"href":"https:\/\/www.sportingcanal.com\/index.php?rest_route=\/wp\/v2\/posts\/1426\/revisions"}],"predecessor-version":[{"id":40299,"href":"https:\/\/www.sportingcanal.com\/index.php?rest_route=\/wp\/v2\/posts\/1426\/revisions\/40299"}],"wp:featuredmedia":[{"embeddable":true,"href":"https:\/\/www.sportingcanal.com\/index.php?rest_route=\/wp\/v2\/media\/1437"}],"wp:attachment":[{"href":"https:\/\/www.sportingcanal.com\/index.php?rest_route=%2Fwp%2Fv2%2Fmedia&parent=1426"}],"wp:term":[{"taxonomy":"category","embeddable":true,"href":"https:\/\/www.sportingcanal.com\/index.php?rest_route=%2Fwp%2Fv2%2Fcategories&post=1426"},{"taxonomy":"post_tag","embeddable":true,"href":"https:\/\/www.sportingcanal.com\/index.php?rest_route=%2Fwp%2Fv2%2Ftags&post=1426"}],"curies":[{"name":"wp","href":"https:\/\/api.w.org\/{rel}","templated":true}]}}