{"id":14432,"date":"2025-08-24T12:30:12","date_gmt":"2025-08-24T11:30:12","guid":{"rendered":"http:\/\/www.sportingcanal.com\/?p=14432"},"modified":"2025-08-24T13:45:51","modified_gmt":"2025-08-24T12:45:51","slug":"andebol-sporting-33-fc-porto-32-ap-ganhamos-pela-3%c2%aa-vez-a-supertaca","status":"publish","type":"post","link":"https:\/\/www.sportingcanal.com\/?p=14432","title":{"rendered":"2013 \u2013 3\u00aa Superta\u00e7a para o Andebol ap\u00f3s luta renhida com o Porto"},"content":{"rendered":"<p>24 de Agosto de 2013. No Pavilh\u00e3o do INATEL em Viseu realizou-se a Superta\u00e7a entre o Sporting (vencedor da Ta\u00e7a de Portugal) e o Porto (campe\u00e3o nacional).<\/p>\n<p>Num jogo cheio de emo\u00e7\u00f5es fortes e muito equilibrado, apenas aos 23 minutos o Sporting se conseguiu colocar na frente da partida com um golo de Pedro Solha. A toada de alguma supremacia leonina manteve-se e ao intervalo a vantagem cifrava-se em 15-12.<\/p>\n<p>Na 2\u00aa parte, e depois dum pequeno percal\u00e7o com a falta de ilumina\u00e7\u00e3o no pavilh\u00e3o, a equipa portista empatou o encontro (17-17) aos 36 minutos com um golo de Wilson Davyes. O jogo passava ent\u00e3o por uma fase de grande competitividade e golo c\u00e1, golo l\u00e1, o empate verificava-se com frequ\u00eancia. O final do tempo regulamentar acabou por chegar com 28-28.<\/p>\n<p>No prolongamento o Sporting acabou por ser mais forte e triunfar \u00e0 tangente por 33-32 em mais uma grande partida de Andebol onde toda a equipa esteve em bom plano, destacando-se, no entanto, a magn\u00edfica exibi\u00e7\u00e3o do cubano Frankis Carol.<\/p>\n<p><span style=\"font-size: 13px; line-height: 19px;\">A equipa:\u00a0Ricardo Candeias (gr), Ricardo Correia (gr), Lu\u00eds Oliveira (gr), Edmilson Ara\u00fajo, Pedro Portela (5), Bruno Moreira (5), S\u00e9rgio Barros, Jo\u00e3o Ligeiro, Frankis Carol (11), Rui Silva (1), Pedro Solha (6), Nuno Gon\u00e7alves, Ricardo Dias (cap), Jo\u00e3o Antunes (1) e F\u00e1bio Magalh\u00e3es (4).<\/span><\/p>\n<p><span style=\"font-size: 13px; line-height: 19px;\">Frederico Santos, o treinador, estava obviamente satisfeito no final: \u201cFoi uma grande vit\u00f3ria frente a um advers\u00e1rio muito forte. Mantivemos a nossa identidade e cometemos menos erros do que o advers\u00e1rio. Ganh\u00e1mos ao pentacampe\u00e3o nacional e queremos manter o mesmo n\u00edvel ao longo de toda a temporada.\u201d <\/span><span style=\"font-size: 13px; line-height: 19px;\">Reagindo ao falecimento de Aleksander Donner\u00a0 (ocorrido neste dia): \u201cQuero entregar os meus sentimentos \u00e0 fam\u00edlia de Aleksander Donner que foi um grande homem e um treinador muito importante para o Andebol em Portugal.\u201d<\/span><\/p>\n<p><span style=\"font-size: 13px; line-height: 19px;\">Esta foi a 3\u00aa Superta\u00e7a para o palmar\u00e9s leonino no Andebol.<\/span><\/p>\n<p><span style=\"font-size: 13px; line-height: 19px;\"><a href=\"http:\/\/www.youtube.com\/watch?v=mp8SEPl5MGA\">video<\/a><\/span><\/p>\n<div class=\"tweetthis\" style=\"text-align:left;\"><p> <a target=\"_blank\" rel=\"nofollow\" class=\"tt\" href=\"http:\/\/twitter.com\/home\/?status=2013+%E2%80%93+3%C2%AA+Superta%C3%A7a+para+o+Andebol+ap%C3%B3s+luta+renhida+com+o+Porto+https%3A%2F%2Fis.gd%2FVaOnFi\" title=\"Post to Twitter\"><img decoding=\"async\" class=\"nothumb\" src=\"http:\/\/www.sportingcanal.com\/wp-content\/plugins\/tweet-this\/icons\/en\/twitter\/tt-twitter6.png\" alt=\"Post to Twitter\" \/><\/a><\/p><\/div>","protected":false},"excerpt":{"rendered":"<p>24 de Agosto de 2013. No Pavilh\u00e3o do INATEL em Viseu realizou-se a Superta\u00e7a entre o Sporting (vencedor da Ta\u00e7a de Portugal) e o Porto (campe\u00e3o nacional). Num jogo cheio de emo\u00e7\u00f5es fortes e muito equilibrado, apenas aos 23 minutos o Sporting se conseguiu colocar na frente da partida com um golo de Pedro Solha. [&hellip;]<\/p>\n","protected":false},"author":1,"featured_media":38566,"comment_status":"open","ping_status":"closed","sticky":false,"template":"","format":"standard","meta":{"_et_pb_use_builder":"","_et_pb_old_content":"","_et_gb_content_width":"","footnotes":""},"categories":[17],"tags":[19,18,68],"_links":{"self":[{"href":"https:\/\/www.sportingcanal.com\/index.php?rest_route=\/wp\/v2\/posts\/14432"}],"collection":[{"href":"https:\/\/www.sportingcanal.com\/index.php?rest_route=\/wp\/v2\/posts"}],"about":[{"href":"https:\/\/www.sportingcanal.com\/index.php?rest_route=\/wp\/v2\/types\/post"}],"author":[{"embeddable":true,"href":"https:\/\/www.sportingcanal.com\/index.php?rest_route=\/wp\/v2\/users\/1"}],"replies":[{"embeddable":true,"href":"https:\/\/www.sportingcanal.com\/index.php?rest_route=%2Fwp%2Fv2%2Fcomments&post=14432"}],"version-history":[{"count":21,"href":"https:\/\/www.sportingcanal.com\/index.php?rest_route=\/wp\/v2\/posts\/14432\/revisions"}],"predecessor-version":[{"id":38568,"href":"https:\/\/www.sportingcanal.com\/index.php?rest_route=\/wp\/v2\/posts\/14432\/revisions\/38568"}],"wp:featuredmedia":[{"embeddable":true,"href":"https:\/\/www.sportingcanal.com\/index.php?rest_route=\/wp\/v2\/media\/38566"}],"wp:attachment":[{"href":"https:\/\/www.sportingcanal.com\/index.php?rest_route=%2Fwp%2Fv2%2Fmedia&parent=14432"}],"wp:term":[{"taxonomy":"category","embeddable":true,"href":"https:\/\/www.sportingcanal.com\/index.php?rest_route=%2Fwp%2Fv2%2Fcategories&post=14432"},{"taxonomy":"post_tag","embeddable":true,"href":"https:\/\/www.sportingcanal.com\/index.php?rest_route=%2Fwp%2Fv2%2Ftags&post=14432"}],"curies":[{"name":"wp","href":"https:\/\/api.w.org\/{rel}","templated":true}]}}