{"id":148,"date":"2025-12-09T08:00:45","date_gmt":"2025-12-09T07:00:45","guid":{"rendered":"http:\/\/www.sportingcanal.com\/?p=148"},"modified":"2025-12-09T13:37:39","modified_gmt":"2025-12-09T12:37:39","slug":"vitoria-fulcral-frente-ao-fcp-em-7980","status":"publish","type":"post","link":"https:\/\/www.sportingcanal.com\/?p=148","title":{"rendered":"1979 &#8211; Triunfo fulcral no caminho para o t\u00edtulo de 1980"},"content":{"rendered":"<p>9 de Dezembro de 1979.\u00a0O Sporting seguia, a par do Belenenses, na 4\u00aa posi\u00e7\u00e3o do Campeonato Nacional com 15 pontos (mas menos um jogo) a 4 do FC Porto e 1 do Benfica.\u00a0O Sporting-FC Porto em Alvalade era de primordial import\u00e2ncia para os le\u00f5es. A vit\u00f3ria n\u00e3o podia escapar.<\/p>\n<p>Numa tarde de chuviscos, relvado molhado e escorregadio, perante grande assist\u00eancia (cerca de 55.000 pessoas) o Sporting, de Fernando Mendes, apresentou-se com:\u00a0Fidalgo; Artur, Bastos, Eurico e Bar\u00e3o (In\u00e1cio); Fraguito (Marinho), Menezes e Ademar; Manuel Fernandes (cap), Manoel e Jord\u00e3o.<\/p>\n<p>O espet\u00e1culo foi interessante porque as equipas expuseram formas de jogar muito antag\u00f3nicas. Enquanto os portistas funcionaram como uma \u201cm\u00e1quina\u201d, sempre ao mesmo ritmo mas com fun\u00e7\u00f5es bem definidas e excelente organiza\u00e7\u00e3o, o Sporting jogou de uma forma mais \u201chumanizada\u201d deixando ao crit\u00e9rio do talento dos seus elementos a decis\u00e3o das jogadas. Talvez \u00e0 primeira vista o m\u00e9todo portista fosse mais eficaz (\u00e9 dos livros), mas neste caso os le\u00f5es levaram a melhor porque o \u201ccora\u00e7\u00e3o\u201d venceu a \u201craz\u00e3o\u201d.<\/p>\n<p>Faltavam 2 minutos para o intervalo quando o Sporting marcou o \u00fanico golo da partida. Menezes avan\u00e7ou no terreno e abriu na direita em Artur (que se adiantara pelo seu flanco). O defesa-direito centrou muito bem e Jord\u00e3o, r\u00e1pido e \u00e1gil, voou para a bola, obtendo um bel\u00edssimo golo de cabe\u00e7a.<\/p>\n<p>Na 2\u00aa parte os portistas tiveram um dom\u00ednio consentido pelos le\u00f5es, mas raramente conseguiram criar perigo at\u00e9 uma jogada a 5 minutos do fim, em que Duda surgiu em excelente posi\u00e7\u00e3o para marcar mas acabou por cair. Para sempre ficou a d\u00favida&#8230; rasteirado? desequilibrado pelo estado escorregadio do terreno? A verdade \u00e9 que o portista estava num cacho de jogadores e qualquer das duas vers\u00f5es pode ter acontecido. Os nortenhos, sobretudo pela boca de Jos\u00e9 Maria Pedroto (o seu treinador), n\u00e3o calaram a revolta, afirmando que o \u00e1rbitro influenciara o resultado da partida. Pelos sportinguistas, Fernando Mendes afirmou que: \u201cApesar do jogo n\u00e3o ter sido famoso houve um aspeto muito agrad\u00e1vel, a competitividade. Houve sempre algum perigo criado pelas duas equipas, mas o Sporting construiu as melhores situa\u00e7\u00f5es. Na 2\u00aa parte o FC Porto fez o que lhe competia, mas o seu dom\u00ednio foi mais consentido que alcan\u00e7ado. Jogaram sempre no meio-campo, sem criar perigo. Vencemos com inteira justi\u00e7a\u201d.<\/p>\n<p>As principais figuras dos le\u00f5es nesta partida foram os seus defesas e ainda a dupla habitual da frente (que formava com Manoel um trio excitante). Artur (sobretudo este), Bastos e Eurico demonstraram grande humildade e esp\u00edrito de sacrif\u00edcio. Manuel Fernandes (a segurar a bola no meio-campo) e Jord\u00e3o (a marcar e criar boas oportunidades para os seus companheiros) tamb\u00e9m se destacaram, num conjunto consistente que obteve aqui uma vit\u00f3ria de primordial import\u00e2ncia para o desenrolar do Campeonato Nacional (que viria a vencer).<\/p>\n<p>foto &#8211; Jord\u00e3o a festejar o golo da vit\u00f3ria<\/p>\n<p><a href=\"http:\/\/www.youtube.com\/watch?v=LvNE-uJrT2o\">video<\/a><\/p>\n<div class=\"tweetthis\" style=\"text-align:left;\"><p> <a target=\"_blank\" rel=\"nofollow\" class=\"tt\" href=\"http:\/\/twitter.com\/home\/?status=1979+%E2%80%93+Triunfo+fulcral+no+caminho+para+o+t%C3%ADtulo+de+1980+https%3A%2F%2Fis.gd%2Fnx5Uxr\" title=\"Post to Twitter\"><img decoding=\"async\" class=\"nothumb\" src=\"http:\/\/www.sportingcanal.com\/wp-content\/plugins\/tweet-this\/icons\/en\/twitter\/tt-twitter6.png\" alt=\"Post to Twitter\" \/><\/a><\/p><\/div>","protected":false},"excerpt":{"rendered":"<p>9 de Dezembro de 1979.\u00a0O Sporting seguia, a par do Belenenses, na 4\u00aa posi\u00e7\u00e3o do Campeonato Nacional com 15 pontos (mas menos um jogo) a 4 do FC Porto e 1 do Benfica.\u00a0O Sporting-FC Porto em Alvalade era de primordial import\u00e2ncia para os le\u00f5es. A vit\u00f3ria n\u00e3o podia escapar. Numa tarde de chuviscos, relvado molhado [&hellip;]<\/p>\n","protected":false},"author":1,"featured_media":2078,"comment_status":"open","ping_status":"open","sticky":false,"template":"","format":"standard","meta":{"_et_pb_use_builder":"","_et_pb_old_content":"","_et_gb_content_width":"","footnotes":""},"categories":[4],"tags":[22,8,68],"_links":{"self":[{"href":"https:\/\/www.sportingcanal.com\/index.php?rest_route=\/wp\/v2\/posts\/148"}],"collection":[{"href":"https:\/\/www.sportingcanal.com\/index.php?rest_route=\/wp\/v2\/posts"}],"about":[{"href":"https:\/\/www.sportingcanal.com\/index.php?rest_route=\/wp\/v2\/types\/post"}],"author":[{"embeddable":true,"href":"https:\/\/www.sportingcanal.com\/index.php?rest_route=\/wp\/v2\/users\/1"}],"replies":[{"embeddable":true,"href":"https:\/\/www.sportingcanal.com\/index.php?rest_route=%2Fwp%2Fv2%2Fcomments&post=148"}],"version-history":[{"count":30,"href":"https:\/\/www.sportingcanal.com\/index.php?rest_route=\/wp\/v2\/posts\/148\/revisions"}],"predecessor-version":[{"id":39355,"href":"https:\/\/www.sportingcanal.com\/index.php?rest_route=\/wp\/v2\/posts\/148\/revisions\/39355"}],"wp:featuredmedia":[{"embeddable":true,"href":"https:\/\/www.sportingcanal.com\/index.php?rest_route=\/wp\/v2\/media\/2078"}],"wp:attachment":[{"href":"https:\/\/www.sportingcanal.com\/index.php?rest_route=%2Fwp%2Fv2%2Fmedia&parent=148"}],"wp:term":[{"taxonomy":"category","embeddable":true,"href":"https:\/\/www.sportingcanal.com\/index.php?rest_route=%2Fwp%2Fv2%2Fcategories&post=148"},{"taxonomy":"post_tag","embeddable":true,"href":"https:\/\/www.sportingcanal.com\/index.php?rest_route=%2Fwp%2Fv2%2Ftags&post=148"}],"curies":[{"name":"wp","href":"https:\/\/api.w.org\/{rel}","templated":true}]}}