{"id":15109,"date":"2025-12-22T08:30:36","date_gmt":"2025-12-22T07:30:36","guid":{"rendered":"http:\/\/www.sportingcanal.com\/?p=15109"},"modified":"2025-12-23T12:11:55","modified_gmt":"2025-12-23T11:11:55","slug":"eduardo-lopes-um-cavalheiro-no-ciclismo-e-na-vida","status":"publish","type":"post","link":"https:\/\/www.sportingcanal.com\/?p=15109","title":{"rendered":"Eduardo Lopes \u2013 Um cavalheiro no Ciclismo e na vida"},"content":{"rendered":"<p>Nasceu a 22 de Dezembro de 1917, na freguesia de\u00a0Socorro &#8211; Lisboa. Em 1937 iniciou a sua carreira de ciclista na\u00a0CUF, como amador. Logo nesse ano venceu o \u201cCircuito da Boca do Inferno\u201d, o \u201cGrande Pr\u00e9mio de Outono\u201d e o \u201cCampeonato Nacional de Fundo para Amadores\u201d. No ano seguinte manteve-se na mesma equipa, triunfando no \u201cCircuito Prepara\u00e7\u00e3o\u201d e no Campeonato Distrital de Velocidade.<\/p>\n<p>Em 1939 passou a profissional, representando o Unidos do Barreiro (ex-CUF). Renovou o t\u00edtulo de Campe\u00e3o Distrital de Velocidade, obteve o 9\u00ba lugar final na\u00a0Volta a Portugal (que n\u00e3o era a sua especialidade, nem a sua prova favorita \u2013 era claramente talhado para cl\u00e1ssicas de um dia e chegadas ao sprint), para al\u00e9m de triunfar nos \u201c166km Cl\u00e1ssicos de Lisboa\u201d e nas \u201cDuas Horas \u00e0 Americana\u201d no Lumiar.<\/p>\n<p>Ap\u00f3s 2 anos bem sucedidos no Benfica (com 1 t\u00edtulo nacional e 1 t\u00edtulo distrital de velocidade, uma vit\u00f3ria na cl\u00e1ssica \u201cLisboa-Santar\u00e9m-Lisboa\u201d e diversos triunfos em etapas na Volta a Portugal), rumou em 1942 \u00e0 Iluminante, o clube que mais marcou a sua carreira e onde permaneceu 5 temporadas.<\/p>\n<p>Em 1947 chegou ao Sporting, clube no qual concluiu a sua carreira em 2 bons anos de verde e branco. Nesse per\u00edodo venceu os \u201c166km Cl\u00e1ssicos\u201d, o \u201cCircuito de\u00a0Torres Vedras\u201d\u00a0e obteve o 1\u00ba lugar no Pr\u00f3logo da 1\u00aa etapa da\u00a0Volta a Portugal, na pista do\u00a0Est\u00e1dio Jos\u00e9 Alvalade. De verde e branco o seu t\u00edtulo mais marcante foi, no entanto, o Campeonato Distrital de Velocidade, prova que conquistou em 1947.<\/p>\n<p>De 1937 a 1948 Eduardo Lopes obteve 42 vit\u00f3rias em circuitos famosos na \u00e9poca, como o da\u00a0Bairrada,\u00a0Mealhada,\u00a0Torres Vedras,\u00a0Malveira e Volta a Lisboa, destacando-se o seu triunfo na\u00a0cl\u00e1ssica \u201cPorto-Lisboa\u201d, em 1942, realizada numa \u00fanica etapa, com a dura\u00e7\u00e3o aproximada de 10 horas, num percurso de cerca de 330Km. Essa era na altura a cl\u00e1ssica mais importante e popular em Portugal, o 2\u00ba mais longo percurso velocip\u00e9dico mundial &#8211; a seguir ao Bordeaux-Paris (560 Km) e por isso mesmo muito prestigiado aqu\u00e9m e al\u00e9m fronteiras. Eduardo Lopes fez o tempo de 10h25m12s, retirando quase 3 horas ao tempo do vencedor da edi\u00e7\u00e3o anterior (o sportinguista Francisco In\u00e1cio). O seu tempo recorde manteve-se durante mais 6 edi\u00e7\u00f5es da prova sendo somente batido em 1956 (14 anos depois) em alguns segundos, por Fernando Henriques Silva.<\/p>\n<p>Ao longo da sua carreira realizou v\u00e1rias competi\u00e7\u00f5es em Espanha, desde o &#8220;Madrid-Lisboa&#8221; em 1939, at\u00e9 provas de pista em Barcelona, Volta \u00e0 Catalunha e teve mesmo uma participa\u00e7\u00e3o na Volta \u00e0 Espanha em 1945, integrando a primeira equipa de ciclistas portugueses a participar na &#8220;Vuelta&#8221; desde sempre!<\/p>\n<p>Mais tarde foi o treinador pessoal de Am\u00e9rico Raposo (de 1948 a 1953), a quem ensinou todos os &#8220;truques&#8221; inerentes \u00e0 melhor maneira de correr, tendo contribu\u00eddo duma forma preponderante para o \u00eaxito alcan\u00e7ado por aquele na sua carreira de campe\u00e3o, principalmente em corridas de pista.<\/p>\n<p>Durante toda a sua vida foi notado pela sua conduta calma e ordeira, um cavalheiro que deixou muito boas recorda\u00e7\u00f5es a quem com ele se cruzou. Morreu em 22 de Agosto de 1997, v\u00edtima de\u00a0acidente vascular cerebral, com 79 anos de idade.<\/p>\n<p>Nota: Agradecemos a Eduardo Lopes (sobrinho do antigo ciclista com o mesmo nome), pela fundamental colabora\u00e7\u00e3o.<\/p>\n<div class=\"tweetthis\" style=\"text-align:left;\"><p> <a target=\"_blank\" rel=\"nofollow\" class=\"tt\" href=\"http:\/\/twitter.com\/home\/?status=Eduardo+Lopes+%E2%80%93+Um+cavalheiro+no+Ciclismo+e+na+vida+https%3A%2F%2Fis.gd%2FONaMNY\" title=\"Post to Twitter\"><img decoding=\"async\" class=\"nothumb\" src=\"http:\/\/www.sportingcanal.com\/wp-content\/plugins\/tweet-this\/icons\/en\/twitter\/tt-twitter6.png\" alt=\"Post to Twitter\" \/><\/a><\/p><\/div>","protected":false},"excerpt":{"rendered":"<p>Nasceu a 22 de Dezembro de 1917, na freguesia de\u00a0Socorro &#8211; Lisboa. Em 1937 iniciou a sua carreira de ciclista na\u00a0CUF, como amador. Logo nesse ano venceu o \u201cCircuito da Boca do Inferno\u201d, o \u201cGrande Pr\u00e9mio de Outono\u201d e o \u201cCampeonato Nacional de Fundo para Amadores\u201d. No ano seguinte manteve-se na mesma equipa, triunfando no [&hellip;]<\/p>\n","protected":false},"author":1,"featured_media":15111,"comment_status":"open","ping_status":"closed","sticky":false,"template":"","format":"standard","meta":{"_et_pb_use_builder":"","_et_pb_old_content":"","_et_gb_content_width":"","footnotes":""},"categories":[63],"tags":[29],"_links":{"self":[{"href":"https:\/\/www.sportingcanal.com\/index.php?rest_route=\/wp\/v2\/posts\/15109"}],"collection":[{"href":"https:\/\/www.sportingcanal.com\/index.php?rest_route=\/wp\/v2\/posts"}],"about":[{"href":"https:\/\/www.sportingcanal.com\/index.php?rest_route=\/wp\/v2\/types\/post"}],"author":[{"embeddable":true,"href":"https:\/\/www.sportingcanal.com\/index.php?rest_route=\/wp\/v2\/users\/1"}],"replies":[{"embeddable":true,"href":"https:\/\/www.sportingcanal.com\/index.php?rest_route=%2Fwp%2Fv2%2Fcomments&post=15109"}],"version-history":[{"count":23,"href":"https:\/\/www.sportingcanal.com\/index.php?rest_route=\/wp\/v2\/posts\/15109\/revisions"}],"predecessor-version":[{"id":39403,"href":"https:\/\/www.sportingcanal.com\/index.php?rest_route=\/wp\/v2\/posts\/15109\/revisions\/39403"}],"wp:featuredmedia":[{"embeddable":true,"href":"https:\/\/www.sportingcanal.com\/index.php?rest_route=\/wp\/v2\/media\/15111"}],"wp:attachment":[{"href":"https:\/\/www.sportingcanal.com\/index.php?rest_route=%2Fwp%2Fv2%2Fmedia&parent=15109"}],"wp:term":[{"taxonomy":"category","embeddable":true,"href":"https:\/\/www.sportingcanal.com\/index.php?rest_route=%2Fwp%2Fv2%2Fcategories&post=15109"},{"taxonomy":"post_tag","embeddable":true,"href":"https:\/\/www.sportingcanal.com\/index.php?rest_route=%2Fwp%2Fv2%2Ftags&post=15109"}],"curies":[{"name":"wp","href":"https:\/\/api.w.org\/{rel}","templated":true}]}}