{"id":15147,"date":"2025-12-13T08:40:10","date_gmt":"2025-12-13T07:40:10","guid":{"rendered":"http:\/\/www.sportingcanal.com\/?p=15147"},"modified":"2025-12-14T03:04:33","modified_gmt":"2025-12-14T02:04:33","slug":"tetra-campeoes-de-lisboa-um-novo-recorde","status":"publish","type":"post","link":"https:\/\/www.sportingcanal.com\/?p=15147","title":{"rendered":"1936 \u2013 Tetracampe\u00f5es de Lisboa, um novo recorde!"},"content":{"rendered":"<p>13 de Dezembro de 1936. Jogava-se a \u00faltima jornada do Campeonato Regional de Lisboa. Com 1 ponto de atraso para o Benfica, o Sporting recebia o tem\u00edvel Belenenses (a 2 pontos dos benfiquistas e ainda com hip\u00f3teses de conquistar o t\u00edtulo), enquanto o Benfica se deslocava \u00e0 Tapadinha para defrontar o Carcavelinhos. Teoricamente o Benfica tinha tudo para ser campe\u00e3o, mas&#8230;<\/p>\n<p>No Campo Grande, sob o comando de Wilhelm Possak, o Sporting alinhou com: Azevedo; Jurado e Joaquim Serrano; Alcobia, Rui de Ara\u00fajo e Faustino; Mour\u00e3o, Pireza, Soeiro, Francisco Lopes e Jo\u00e3o Cruz.<\/p>\n<p>O Sporting entrou muito bem fazendo o golo solit\u00e1rio da partida logo no 1\u00ba minuto. Em contra-ataque Jo\u00e3o Cruz fugiu pela esquerda e centrou. Uma am\u00e1lgama de jogadores saltou \u00e0 bola, que acabou por bater no poste e ser recha\u00e7ada para a frente. Surgiu ent\u00e3o o inevit\u00e1vel Soeiro a empurr\u00e1-la para a baliza.<\/p>\n<p>O Sporting dominou todo o 1\u00ba tempo, criando as principais oportunidades de golo, com destaque para as situa\u00e7\u00f5es perdidas pelo seu avan\u00e7ado-centro.<\/p>\n<p>Na 2\u00aa parte os le\u00f5es mantiveram o ritmo. Com Soeiro em grande destaque, os verde e brancos criaram diversas chances para aumentar a contagem, mas sem sucesso. No \u00faltimo minuto, na sequ\u00eancia dum canto de Jo\u00e3o Cruz, Alcobia marcou mais um golo, anulado pelo \u00e1rbitro Jos\u00e9 Ant\u00f3nio Deniz sem raz\u00e3o aparente.<\/p>\n<p>No final, vit\u00f3ria por 1-0. Nos le\u00f5es a defesa chegou e sobrou para o ataque belenense. Os 3 m\u00e9dios estiveram em grande plano tanto em termos defensivos como atacantes. O ataque esteve a um n\u00edvel somente razo\u00e1vel com exce\u00e7\u00e3o de Soeiro (apesar dos v\u00e1rios golos perdidos na 1\u00aa parte), que foi a grande figura da equipa pelo muito que incomodou a defensiva azul.<\/p>\n<p>A melhor not\u00edcia da tarde ainda viria depois. \u00c9 que o Carcavelinhos vencera o Benfica por 2-1, entregando em \u201cbandeja de prata\u201d o 1\u00ba tetra-campeonato do futebol lisboeta ao Sporting Clube de Portugal (11\u00ba no total)!<\/p>\n<p>foto &#8211; uma imagem do jogo decisivo do Regional.<\/p>\n<div class=\"tweetthis\" style=\"text-align:left;\"><p> <a target=\"_blank\" rel=\"nofollow\" class=\"tt\" href=\"http:\/\/twitter.com\/home\/?status=1936+%E2%80%93+Tetracampe%C3%B5es+de+Lisboa%2C+um+novo+recorde%21+https%3A%2F%2Fis.gd%2FyW5dlr\" title=\"Post to Twitter\"><img decoding=\"async\" class=\"nothumb\" src=\"http:\/\/www.sportingcanal.com\/wp-content\/plugins\/tweet-this\/icons\/en\/twitter\/tt-twitter6.png\" alt=\"Post to Twitter\" \/><\/a><\/p><\/div>","protected":false},"excerpt":{"rendered":"<p>13 de Dezembro de 1936. Jogava-se a \u00faltima jornada do Campeonato Regional de Lisboa. Com 1 ponto de atraso para o Benfica, o Sporting recebia o tem\u00edvel Belenenses (a 2 pontos dos benfiquistas e ainda com hip\u00f3teses de conquistar o t\u00edtulo), enquanto o Benfica se deslocava \u00e0 Tapadinha para defrontar o Carcavelinhos. Teoricamente o Benfica [&hellip;]<\/p>\n","protected":false},"author":1,"featured_media":15148,"comment_status":"open","ping_status":"closed","sticky":false,"template":"","format":"standard","meta":{"_et_pb_use_builder":"","_et_pb_old_content":"","_et_gb_content_width":"","footnotes":""},"categories":[17],"tags":[28,8,26],"_links":{"self":[{"href":"https:\/\/www.sportingcanal.com\/index.php?rest_route=\/wp\/v2\/posts\/15147"}],"collection":[{"href":"https:\/\/www.sportingcanal.com\/index.php?rest_route=\/wp\/v2\/posts"}],"about":[{"href":"https:\/\/www.sportingcanal.com\/index.php?rest_route=\/wp\/v2\/types\/post"}],"author":[{"embeddable":true,"href":"https:\/\/www.sportingcanal.com\/index.php?rest_route=\/wp\/v2\/users\/1"}],"replies":[{"embeddable":true,"href":"https:\/\/www.sportingcanal.com\/index.php?rest_route=%2Fwp%2Fv2%2Fcomments&post=15147"}],"version-history":[{"count":22,"href":"https:\/\/www.sportingcanal.com\/index.php?rest_route=\/wp\/v2\/posts\/15147\/revisions"}],"predecessor-version":[{"id":39361,"href":"https:\/\/www.sportingcanal.com\/index.php?rest_route=\/wp\/v2\/posts\/15147\/revisions\/39361"}],"wp:featuredmedia":[{"embeddable":true,"href":"https:\/\/www.sportingcanal.com\/index.php?rest_route=\/wp\/v2\/media\/15148"}],"wp:attachment":[{"href":"https:\/\/www.sportingcanal.com\/index.php?rest_route=%2Fwp%2Fv2%2Fmedia&parent=15147"}],"wp:term":[{"taxonomy":"category","embeddable":true,"href":"https:\/\/www.sportingcanal.com\/index.php?rest_route=%2Fwp%2Fv2%2Fcategories&post=15147"},{"taxonomy":"post_tag","embeddable":true,"href":"https:\/\/www.sportingcanal.com\/index.php?rest_route=%2Fwp%2Fv2%2Ftags&post=15147"}],"curies":[{"name":"wp","href":"https:\/\/api.w.org\/{rel}","templated":true}]}}