{"id":1516,"date":"2026-01-24T08:30:52","date_gmt":"2026-01-24T07:30:52","guid":{"rendered":"http:\/\/www.sportingcanal.com\/?p=1516"},"modified":"2026-01-25T21:07:42","modified_gmt":"2026-01-25T20:07:42","slug":"traves-mal-colocadas-e-espirito-desportivo-dos-benfiquistas","status":"publish","type":"post","link":"https:\/\/www.sportingcanal.com\/?p=1516","title":{"rendered":"1909 &#8211; Traves mal colocadas(!) e esp\u00edrito desportivo dos benfiquistas"},"content":{"rendered":"<p>24 de Janeiro de 1909. Nesse dia disputou-se no Lumiar um interessant\u00edssimo Sporting-Benfica a contar para o Campeonato Regional. Os le\u00f5es procuravam desagravar-se da derrota infligida pelos benfiquistas na 1\u00aavolta.<\/p>\n<p>Segundo a imprensa da \u00e9poca &#8220;Houve luta animada, brilhante, com ataques primorosamente conduzidos de parte a parte e energia crescente em cada fase do jogo. O Sporting patenteou acentuad\u00edssimos progressos, resistindo soberbamente ao tem\u00edvel advers\u00e1rio (que era o principal concorrente do Carcavelos nessa temporada) colocando-o muitas vezes em cheque.\u00a0Os le\u00f5es marcaram primeiro num pontap\u00e9 alto e muito bem dirigido por Ant\u00f3nio das Neves Vital (que jogou a avan\u00e7ado-centro) passando a bola entre a trave e as m\u00e3os do guarda-redes do Benfica, que parecia demasiado baixo para a fun\u00e7\u00e3o. Leopoldo Mocho fez o empate num golo muito parecido (&#8230;) as traves deviam estar colocadas, em altura superior \u00e0 regulamentar, pois ambos os guarda-redes tiveram grandes dificuldades nas bolas altas\u201d.<\/p>\n<p>A meio da 2\u00aa parte, de penalty, o Benfica fez 2-1, por Artur Jos\u00e9 Pereira, devido ao facto de Jos\u00e9 Bello ter dado 2 toques num pontap\u00e9 de baliza&#8230; As regras de Liga n\u00e3o autorizavam t\u00e3o rigoroso castigo mas Merick Barley, o \u00e1rbitro, referiu que a irregularidade impediu Ant\u00f3nio Corga de fazer golo, e que por isso, tal como se fazia em Inglaterra (segundo o ju\u00edz), marcou penalty&#8230;<\/p>\n<p>O Benfica, numa atitude de grande desportivismo, n\u00e3o quis aceitar como leg\u00edtima a vit\u00f3ria e oficiou \u00e0 dire\u00e7\u00e3o da Liga no pr\u00f3prio dia do jogo declinando os seus direitos no 2\u00ba golo e solicitando a anula\u00e7\u00e3o do desafio. Este procedimento ficou apontado como exemplo e atestado merit\u00f3rio e honroso do elevado esp\u00edrito desportivo dos benfiquistas de ent\u00e3o. No entanto, o resultado do jogo prevaleceu&#8230; para a Hist\u00f3ria.<\/p>\n<p>Foto de arquivo: Jos\u00e9 Bello.<\/p>\n<div class=\"tweetthis\" style=\"text-align:left;\"><p> <a target=\"_blank\" rel=\"nofollow\" class=\"tt\" href=\"http:\/\/twitter.com\/home\/?status=1909+%E2%80%93+Traves+mal+colocadas%28%21%29+e+esp%C3%ADrito+desportivo+dos+benfiquistas+https%3A%2F%2Fis.gd%2Fid78Mp\" title=\"Post to Twitter\"><img decoding=\"async\" class=\"nothumb\" src=\"http:\/\/www.sportingcanal.com\/wp-content\/plugins\/tweet-this\/icons\/en\/twitter\/tt-twitter6.png\" alt=\"Post to Twitter\" \/><\/a><\/p><\/div>","protected":false},"excerpt":{"rendered":"<p>24 de Janeiro de 1909. Nesse dia disputou-se no Lumiar um interessant\u00edssimo Sporting-Benfica a contar para o Campeonato Regional. Os le\u00f5es procuravam desagravar-se da derrota infligida pelos benfiquistas na 1\u00aavolta. Segundo a imprensa da \u00e9poca &#8220;Houve luta animada, brilhante, com ataques primorosamente conduzidos de parte a parte e energia crescente em cada fase do jogo. [&hellip;]<\/p>\n","protected":false},"author":1,"featured_media":1517,"comment_status":"open","ping_status":"open","sticky":false,"template":"","format":"standard","meta":{"_et_pb_use_builder":"","_et_pb_old_content":"","_et_gb_content_width":"","footnotes":""},"categories":[4],"tags":[28,8,69],"_links":{"self":[{"href":"https:\/\/www.sportingcanal.com\/index.php?rest_route=\/wp\/v2\/posts\/1516"}],"collection":[{"href":"https:\/\/www.sportingcanal.com\/index.php?rest_route=\/wp\/v2\/posts"}],"about":[{"href":"https:\/\/www.sportingcanal.com\/index.php?rest_route=\/wp\/v2\/types\/post"}],"author":[{"embeddable":true,"href":"https:\/\/www.sportingcanal.com\/index.php?rest_route=\/wp\/v2\/users\/1"}],"replies":[{"embeddable":true,"href":"https:\/\/www.sportingcanal.com\/index.php?rest_route=%2Fwp%2Fv2%2Fcomments&post=1516"}],"version-history":[{"count":22,"href":"https:\/\/www.sportingcanal.com\/index.php?rest_route=\/wp\/v2\/posts\/1516\/revisions"}],"predecessor-version":[{"id":39554,"href":"https:\/\/www.sportingcanal.com\/index.php?rest_route=\/wp\/v2\/posts\/1516\/revisions\/39554"}],"wp:featuredmedia":[{"embeddable":true,"href":"https:\/\/www.sportingcanal.com\/index.php?rest_route=\/wp\/v2\/media\/1517"}],"wp:attachment":[{"href":"https:\/\/www.sportingcanal.com\/index.php?rest_route=%2Fwp%2Fv2%2Fmedia&parent=1516"}],"wp:term":[{"taxonomy":"category","embeddable":true,"href":"https:\/\/www.sportingcanal.com\/index.php?rest_route=%2Fwp%2Fv2%2Fcategories&post=1516"},{"taxonomy":"post_tag","embeddable":true,"href":"https:\/\/www.sportingcanal.com\/index.php?rest_route=%2Fwp%2Fv2%2Ftags&post=1516"}],"curies":[{"name":"wp","href":"https:\/\/api.w.org\/{rel}","templated":true}]}}