{"id":154,"date":"2025-07-20T08:00:56","date_gmt":"2025-07-20T07:00:56","guid":{"rendered":"http:\/\/www.sportingcanal.com\/?p=154"},"modified":"2025-07-20T19:12:06","modified_gmt":"2025-07-20T18:12:06","slug":"adilia-silverio","status":"publish","type":"post","link":"https:\/\/www.sportingcanal.com\/?p=154","title":{"rendered":"Ad\u00edlia Silv\u00e9rio \u2013 Um verdadeiro fen\u00f3meno nos lan\u00e7amentos"},"content":{"rendered":"<p>Ad\u00edlia Maria Alves Silv\u00e9rio Borges nasceu a 20 de Julho de 1949 em Mafra. Foi uma das melhores atletas que alguma vez passou pelo Sporting. At\u00e9 surgir Teresa Machado, nunca os le\u00f5es contaram com uma lan\u00e7adora que tantos t\u00edtulos vencesse e tanta gl\u00f3ria desse ao clube.<\/p>\n<p>O seu percurso vencedor em Alvalade come\u00e7ou nos Regionais femininos realizados em Junho de 1967. A\u00ed arrebatou as vit\u00f3rias nos lan\u00e7amentos do dardo, disco e peso, dando indica\u00e7\u00f5es de que se poderia vir a tornar um caso s\u00e9rio no panorama do Atletismo nacional.<\/p>\n<p>Cerca de 1 m\u00eas depois contribuiu decisivamente para que as leoas se sagrassem Campe\u00e3s Nacionais pela 9\u00aa vez consecutiva, ao triunfar no disco (37m50cm) e no peso (10m48cm). A partir da\u00ed n\u00e3o parou de colecionar t\u00edtulos.<\/p>\n<p>No que diz respeito a recordes, ser\u00e1 de destacar o ib\u00e9rico do lan\u00e7amento do peso em Abril de 1972, com 14m69cm (no Torneio de Abertura), feito que repetiu um m\u00eas depois nos Regionais, agora com 14m93cm. Em Janeiro de 1975 fez 15m12cm no lan\u00e7amento do peso em pista coberta (alcan\u00e7ando novo m\u00e1ximo ib\u00e9rico) para 2 meses depois bater o recorde nacional do lan\u00e7amento do disco com 44m38cm. 2 anos mais tarde repetiu a fa\u00e7anha, agora com 46m42cm.<\/p>\n<p>Esteve no Sporting at\u00e9 1980\/81, conseguindo um impressionante palmar\u00e9s individual de 13 t\u00edtulos nacionais no lan\u00e7amento do disco, 14 no peso e 1 no dardo. No plano coletivo contribuiu para 13 t\u00edtulos nacionais das leoas. Para al\u00e9m disso conquistou in\u00fameros t\u00edtulos regionais a n\u00edvel individual e coletivo.<\/p>\n<p>Em finais de 1981, convuls\u00f5es na equipa verde e branca fizeram-na sair para o Benfica, mas a recorda\u00e7\u00e3o da m\u00edtica campe\u00e3 Ad\u00edlia Silv\u00e9rio ficou para sempre em Alvalade.<\/p>\n<p>Na \u00e9poca seguinte o Sporting n\u00e3o apresentou equipa no nacional feminino (iniciando um jejum que se prolongaria por 5 anos), isto numa altura em que era tricampe\u00e3o nacional e ganhara 21 dos \u00faltimos 23 campeonatos. Elucidativo!<\/p>\n<p>Entretanto casou com um atleta do Sporting, Raposo Borges, com quem teve duas filhas, sendo que uma delas &#8211; Sara Borges foi campe\u00e3 de salto em altura nos escal\u00f5es jovens. Mais tarde fez tamb\u00e9m parte da equipa principal.<\/p>\n<div class=\"tweetthis\" style=\"text-align:left;\"><p> <a target=\"_blank\" rel=\"nofollow\" class=\"tt\" href=\"http:\/\/twitter.com\/home\/?status=Ad%C3%ADlia+Silv%C3%A9rio+%E2%80%93+Um+verdadeiro+fen%C3%B3meno+nos+lan%C3%A7amentos+https%3A%2F%2Fis.gd%2F0UIcW8\" title=\"Post to Twitter\"><img decoding=\"async\" class=\"nothumb\" src=\"http:\/\/www.sportingcanal.com\/wp-content\/plugins\/tweet-this\/icons\/en\/twitter\/tt-twitter6.png\" alt=\"Post to Twitter\" \/><\/a><\/p><\/div>","protected":false},"excerpt":{"rendered":"<p>Ad\u00edlia Maria Alves Silv\u00e9rio Borges nasceu a 20 de Julho de 1949 em Mafra. Foi uma das melhores atletas que alguma vez passou pelo Sporting. At\u00e9 surgir Teresa Machado, nunca os le\u00f5es contaram com uma lan\u00e7adora que tantos t\u00edtulos vencesse e tanta gl\u00f3ria desse ao clube. O seu percurso vencedor em Alvalade come\u00e7ou nos Regionais [&hellip;]<\/p>\n","protected":false},"author":1,"featured_media":38305,"comment_status":"open","ping_status":"open","sticky":false,"template":"","format":"standard","meta":{"_et_pb_use_builder":"","_et_pb_old_content":"","_et_gb_content_width":"","footnotes":""},"categories":[63],"tags":[21],"_links":{"self":[{"href":"https:\/\/www.sportingcanal.com\/index.php?rest_route=\/wp\/v2\/posts\/154"}],"collection":[{"href":"https:\/\/www.sportingcanal.com\/index.php?rest_route=\/wp\/v2\/posts"}],"about":[{"href":"https:\/\/www.sportingcanal.com\/index.php?rest_route=\/wp\/v2\/types\/post"}],"author":[{"embeddable":true,"href":"https:\/\/www.sportingcanal.com\/index.php?rest_route=\/wp\/v2\/users\/1"}],"replies":[{"embeddable":true,"href":"https:\/\/www.sportingcanal.com\/index.php?rest_route=%2Fwp%2Fv2%2Fcomments&post=154"}],"version-history":[{"count":33,"href":"https:\/\/www.sportingcanal.com\/index.php?rest_route=\/wp\/v2\/posts\/154\/revisions"}],"predecessor-version":[{"id":38307,"href":"https:\/\/www.sportingcanal.com\/index.php?rest_route=\/wp\/v2\/posts\/154\/revisions\/38307"}],"wp:featuredmedia":[{"embeddable":true,"href":"https:\/\/www.sportingcanal.com\/index.php?rest_route=\/wp\/v2\/media\/38305"}],"wp:attachment":[{"href":"https:\/\/www.sportingcanal.com\/index.php?rest_route=%2Fwp%2Fv2%2Fmedia&parent=154"}],"wp:term":[{"taxonomy":"category","embeddable":true,"href":"https:\/\/www.sportingcanal.com\/index.php?rest_route=%2Fwp%2Fv2%2Fcategories&post=154"},{"taxonomy":"post_tag","embeddable":true,"href":"https:\/\/www.sportingcanal.com\/index.php?rest_route=%2Fwp%2Fv2%2Ftags&post=154"}],"curies":[{"name":"wp","href":"https:\/\/api.w.org\/{rel}","templated":true}]}}