{"id":15673,"date":"2025-05-11T08:00:57","date_gmt":"2025-05-11T07:00:57","guid":{"rendered":"http:\/\/www.sportingcanal.com\/?p=15673"},"modified":"2025-05-11T19:58:20","modified_gmt":"2025-05-11T18:58:20","slug":"miguel-veloso-boa-tecnica-e-posicionamente-na-posicao-6","status":"publish","type":"post","link":"https:\/\/www.sportingcanal.com\/?p=15673","title":{"rendered":"Miguel Veloso \u2013 Boa t\u00e9cnica e posicionamento na posi\u00e7\u00e3o 6"},"content":{"rendered":"<p>Miguel Lu\u00eds Pinto Veloso nasceu a 11 de Maio de 1986 em Coimbra. Filho do antigo internacional benfiquista Ant\u00f3nio Veloso, foi no clube do pai que iniciou a sua forma\u00e7\u00e3o, mas acabou dispensado por o considerarem \u201cgordo\u201d. Ap\u00f3s 1 ano apenas no CAC da Pontinha juntou aos sub-15 do Sporting em 2000 e fez toda a restante forma\u00e7\u00e3o de verde e branco (quase sempre como defesa-central).<\/p>\n<p>Depois duma \u00e9poca emprestado ao Olivais e Moscavide onde foi campe\u00e3o da 2\u00aa divis\u00e3o B, estreou-se oficialmente na equipa principal a 9 de Setembro de 2006 (com o treinador Paulo Bento) numa vit\u00f3ria por 1-0 na Madeira frente ao Nacional na 2\u00aa jornada do Campeonato Nacional. N\u00e3o se tornou imediatamente um indiscut\u00edvel, mas n\u00e3o demorou muito a ganhar o lugar na posi\u00e7\u00e3o 6 (superando a concorr\u00eancia de Cust\u00f3dio), realizando 33 dos 42 jogos oficiais da equipa nessa temporada. No \u00faltimo jogo da \u00e9poca foi dele a assist\u00eancia para Liedson marcar o golo solit\u00e1rio da final da Ta\u00e7a de Portugal frente ao Belenenses (o seu 1\u00ba trof\u00e9u oficial enquanto s\u00e9nior).<\/p>\n<p>Logo no in\u00edcio da temporada seguinte ganhou a Superta\u00e7a ao Porto. Nesse mesmo ano foi titular na derrota na final da 1\u00aa Ta\u00e7a da Liga (perante o Vit\u00f3ria de Set\u00fabal) e no triunfo na Ta\u00e7a de Portugal, de novo frente ao FC Porto. Com 54 jogos foi o 2\u00ba mais utilizado da equipa a seguir a Jo\u00e3o Moutinho. Entretanto marcou o 1\u00ba golo, a 30 de Mar\u00e7o de 2008, na Figueira da Foz, frente \u00e0 Naval (4-1) \u2013 de livre direto (um dos seus principais talentos \u00e9 a marca\u00e7\u00e3o de bolas paradas). Nessa \u00e9poca chegou tamb\u00e9m a internacional portugu\u00eas.<\/p>\n<p>Em 2008\/09 as coisas n\u00e3o correram muito bem. A \u00e9poca at\u00e9 come\u00e7ou da melhor maneira com a vit\u00f3ria na Superta\u00e7a frente ao FC Porto (onde foi suplente utilizado). Rochemback jogou muito como m\u00e9dio-defensivo e Miguel Veloso foi frequentemente chamado para a alinhar na lateral-esquerda o que nunca lhe agradou e motivou (segundo constou na altura) v\u00e1rios conflitos com o treinador Paulo Bento. Ainda assim fez 32 jogos.<\/p>\n<p>2009\/10 foi uma temporada tumultuosa em Alvalade. Paulo Bento saiu no in\u00edcio de Novembro, Leonel Pontes fez 1 jogo e at\u00e9 ao final da temporada a equipa foi treinada por Carlos Carvalhal. Veloso foi ent\u00e3o muitas vezes utilizado como m\u00e9dio interior esquerdo e a verdade \u00e9 que realizou uma excelente \u00e9poca com 45 presen\u00e7as e 11 golos, sendo os apontados no Alvalade frente ao Everton (3-0) e ao FC Porto (3-0), na mesma semana de Fevereiro, os mais significativos e aqueles que mais facilmente ser\u00e3o recordados.<\/p>\n<p>Ap\u00f3s uma temporada de t\u00e3o bom n\u00edvel, ainda iniciou a \u00e9poca seguinte, mas ap\u00f3s 1 jogo apenas oficial (o seu \u00faltimo de ver de branco) &#8211; FC Nordsjaelland (1-0) para a Liga Europa, saiu para o G\u00e9nova (ao que se disse na altura por 9 milh\u00f5es de euros mais o passe do espanhol Zapater). Em 2012\/13 mudou-se para o Dinamo de Kiev, depois regressou a G\u00e9nova e atualmente est\u00e1 no Verona.<\/p>\n<p>Assim, esteve um total de 5 \u00e9pocas na equipa principal do Sporting (a \u00faltima, como referimos, s\u00f3 na parte inicial), tendo realizado 165 jogos oficiais e marcado 13 golos. Ganhou 2 Ta\u00e7as de Portugal e 2 Superta\u00e7as.<\/p>\n<p>Deixou a imagem em Alvalade dum futebolista com classe \u2013 boa t\u00e9cnica, bom posicionamento, boa capacidade de passe e de remate, mas com o sen\u00e3o de lhe faltar alguma velocidade.<\/p>\n<p>J\u00e1 foi internacional por 56 vezes\u00a0 (at\u00e9 Maio de 2016). Esteve nos Europeus de 2008 e 2012 e no Mundial de 2010. Curiosamente, com Paulo Bento como selecionador, foi frequentemente o \u201cdono\u201d da posi\u00e7\u00e3o 6!<\/p>\n<p>Foi Pr\u00e9mio Stromp em 2003 na categoria Especial Europeu, e repetiu a fa\u00e7anha em 2008 (agora como \u201crevela\u00e7\u00e3o\u201d).<\/p>\n<div class=\"tweetthis\" style=\"text-align:left;\"><p> <a target=\"_blank\" rel=\"nofollow\" class=\"tt\" href=\"http:\/\/twitter.com\/home\/?status=Miguel+Veloso+%E2%80%93+Boa+t%C3%A9cnica+e+posicionamento+na+posi%C3%A7%C3%A3o+6+https%3A%2F%2Fis.gd%2FeeLZcX\" title=\"Post to Twitter\"><img decoding=\"async\" class=\"nothumb\" src=\"http:\/\/www.sportingcanal.com\/wp-content\/plugins\/tweet-this\/icons\/en\/twitter\/tt-twitter6.png\" alt=\"Post to Twitter\" \/><\/a><\/p><\/div>","protected":false},"excerpt":{"rendered":"<p>Miguel Lu\u00eds Pinto Veloso nasceu a 11 de Maio de 1986 em Coimbra. Filho do antigo internacional benfiquista Ant\u00f3nio Veloso, foi no clube do pai que iniciou a sua forma\u00e7\u00e3o, mas acabou dispensado por o considerarem \u201cgordo\u201d. Ap\u00f3s 1 ano apenas no CAC da Pontinha juntou aos sub-15 do Sporting em 2000 e fez toda [&hellip;]<\/p>\n","protected":false},"author":1,"featured_media":37571,"comment_status":"open","ping_status":"closed","sticky":false,"template":"","format":"standard","meta":{"_et_pb_use_builder":"","_et_pb_old_content":"","_et_gb_content_width":"","footnotes":""},"categories":[63],"tags":[8,64],"_links":{"self":[{"href":"https:\/\/www.sportingcanal.com\/index.php?rest_route=\/wp\/v2\/posts\/15673"}],"collection":[{"href":"https:\/\/www.sportingcanal.com\/index.php?rest_route=\/wp\/v2\/posts"}],"about":[{"href":"https:\/\/www.sportingcanal.com\/index.php?rest_route=\/wp\/v2\/types\/post"}],"author":[{"embeddable":true,"href":"https:\/\/www.sportingcanal.com\/index.php?rest_route=\/wp\/v2\/users\/1"}],"replies":[{"embeddable":true,"href":"https:\/\/www.sportingcanal.com\/index.php?rest_route=%2Fwp%2Fv2%2Fcomments&post=15673"}],"version-history":[{"count":18,"href":"https:\/\/www.sportingcanal.com\/index.php?rest_route=\/wp\/v2\/posts\/15673\/revisions"}],"predecessor-version":[{"id":37572,"href":"https:\/\/www.sportingcanal.com\/index.php?rest_route=\/wp\/v2\/posts\/15673\/revisions\/37572"}],"wp:featuredmedia":[{"embeddable":true,"href":"https:\/\/www.sportingcanal.com\/index.php?rest_route=\/wp\/v2\/media\/37571"}],"wp:attachment":[{"href":"https:\/\/www.sportingcanal.com\/index.php?rest_route=%2Fwp%2Fv2%2Fmedia&parent=15673"}],"wp:term":[{"taxonomy":"category","embeddable":true,"href":"https:\/\/www.sportingcanal.com\/index.php?rest_route=%2Fwp%2Fv2%2Fcategories&post=15673"},{"taxonomy":"post_tag","embeddable":true,"href":"https:\/\/www.sportingcanal.com\/index.php?rest_route=%2Fwp%2Fv2%2Ftags&post=15673"}],"curies":[{"name":"wp","href":"https:\/\/api.w.org\/{rel}","templated":true}]}}