{"id":1593,"date":"2026-01-25T08:00:07","date_gmt":"2026-01-25T07:00:07","guid":{"rendered":"http:\/\/www.sportingcanal.com\/?p=1593"},"modified":"2026-01-25T21:08:04","modified_gmt":"2026-01-25T20:08:04","slug":"na-lideranca-do-regional-ate-ao-fim","status":"publish","type":"post","link":"https:\/\/www.sportingcanal.com\/?p=1593","title":{"rendered":"1931 &#8211; Mourinha decidiu, e na lideran\u00e7a do Regional at\u00e9 ao fim"},"content":{"rendered":"<p>25 de Janeiro de 1931. Sporting e Belenenses degladiavam-se na luta pelo Campeonato de Lisboa.\u00a0No Campo Grande (logo \u00e0 1\u00aa jornada) os azuis ganharam, enquanto nas Sal\u00e9sias se verificou um empate a 2 golos.\u00a0Nesta tarde os le\u00f5es recebiam o Benfica, enquanto o Belenenses (com 1 ponto de avan\u00e7o e esperan\u00e7ado numa vit\u00f3ria encarnada) se havia com o Uni\u00e3o Lisboa. No Campo Grande o Sporting tinha de vencer para continuar a sonhar com a reconquista do t\u00edtulo.<\/p>\n<p>A turma orientada por Filipe dos Santos alinhou com:\u00a0Cipriano; Martinho (cap) e Jorge Vieira; Varela, Fernando Ferreira e Matias; Mour\u00e3o, Abrantes Mendes, Oliveira Martins, Abelhinha e Eduardo Mourinha.<\/p>\n<p>Num terreno enlameado pela chuva persistente os le\u00f5es beneficiaram dos seus maiores \u00edndices f\u00edsicos, tanto na batalha do meio-campo como no poder de remate. No 1\u00ba tempo houve uma ligeira vantagem territorial dos verdes, com um ass\u00e9dio sempre mais perigoso que o seu advers\u00e1rio. Logo aos 5 minutos, numa recarga, Mourinha (na foto &#8211; uma aquisi\u00e7\u00e3o desta \u00e9poca proveniente da Naval 1\u00ba Maio e que \u201cpegou de estaca\u201d) fez o golo solit\u00e1rio da partida com um remate formid\u00e1vel que n\u00e3o tinha defesa.<\/p>\n<p>Na 2\u00aa parte o dom\u00ednio foi mais alternado. Os benfiquistas prevaleceram nos primeiros 20 minutos mas o Sporting reagiu de pronto, fazendo intensos ataques \u00e0 baliza de Dyson. De notar que o Benfica jogou a maior parte do tempo com 10 jogadores merc\u00ea da inutiliza\u00e7\u00e3o de An\u00edbal Jos\u00e9, ainda no 1\u00ba tempo, tendo falhado tamb\u00e9m um penalty.<\/p>\n<p>No final a cr\u00edtica foi un\u00e2nime em considerar o &#8220;resultado escasso face ao dom\u00ednio sportinguista&#8221;, tendo real\u00e7ado a exibi\u00e7\u00e3o dos le\u00f5es Cipriano, Martinho e Jorge Vieira.\u00a0O que ningu\u00e9m esperava foi o que se soube depois &#8211; o Belenenses tinha sido derrotado pelo Uni\u00e3o Lisboa. Os le\u00f5es tomaram assim de assalto o comando da prova, para n\u00e3o mais o perder.<\/p>\n<div class=\"tweetthis\" style=\"text-align:left;\"><p> <a target=\"_blank\" rel=\"nofollow\" class=\"tt\" href=\"http:\/\/twitter.com\/home\/?status=1931+%E2%80%93+Mourinha+decidiu%2C+e+na+lideran%C3%A7a+do+Regional+at%C3%A9+ao+fim+https%3A%2F%2Fis.gd%2FdzcD5T\" title=\"Post to Twitter\"><img decoding=\"async\" class=\"nothumb\" src=\"http:\/\/www.sportingcanal.com\/wp-content\/plugins\/tweet-this\/icons\/en\/twitter\/tt-twitter6.png\" alt=\"Post to Twitter\" \/><\/a><\/p><\/div>","protected":false},"excerpt":{"rendered":"<p>25 de Janeiro de 1931. Sporting e Belenenses degladiavam-se na luta pelo Campeonato de Lisboa.\u00a0No Campo Grande (logo \u00e0 1\u00aa jornada) os azuis ganharam, enquanto nas Sal\u00e9sias se verificou um empate a 2 golos.\u00a0Nesta tarde os le\u00f5es recebiam o Benfica, enquanto o Belenenses (com 1 ponto de avan\u00e7o e esperan\u00e7ado numa vit\u00f3ria encarnada) se havia [&hellip;]<\/p>\n","protected":false},"author":1,"featured_media":1595,"comment_status":"open","ping_status":"open","sticky":false,"template":"","format":"standard","meta":{"_et_pb_use_builder":"","_et_pb_old_content":"","_et_gb_content_width":"","footnotes":""},"categories":[4],"tags":[28,8,69],"_links":{"self":[{"href":"https:\/\/www.sportingcanal.com\/index.php?rest_route=\/wp\/v2\/posts\/1593"}],"collection":[{"href":"https:\/\/www.sportingcanal.com\/index.php?rest_route=\/wp\/v2\/posts"}],"about":[{"href":"https:\/\/www.sportingcanal.com\/index.php?rest_route=\/wp\/v2\/types\/post"}],"author":[{"embeddable":true,"href":"https:\/\/www.sportingcanal.com\/index.php?rest_route=\/wp\/v2\/users\/1"}],"replies":[{"embeddable":true,"href":"https:\/\/www.sportingcanal.com\/index.php?rest_route=%2Fwp%2Fv2%2Fcomments&post=1593"}],"version-history":[{"count":25,"href":"https:\/\/www.sportingcanal.com\/index.php?rest_route=\/wp\/v2\/posts\/1593\/revisions"}],"predecessor-version":[{"id":39556,"href":"https:\/\/www.sportingcanal.com\/index.php?rest_route=\/wp\/v2\/posts\/1593\/revisions\/39556"}],"wp:featuredmedia":[{"embeddable":true,"href":"https:\/\/www.sportingcanal.com\/index.php?rest_route=\/wp\/v2\/media\/1595"}],"wp:attachment":[{"href":"https:\/\/www.sportingcanal.com\/index.php?rest_route=%2Fwp%2Fv2%2Fmedia&parent=1593"}],"wp:term":[{"taxonomy":"category","embeddable":true,"href":"https:\/\/www.sportingcanal.com\/index.php?rest_route=%2Fwp%2Fv2%2Fcategories&post=1593"},{"taxonomy":"post_tag","embeddable":true,"href":"https:\/\/www.sportingcanal.com\/index.php?rest_route=%2Fwp%2Fv2%2Ftags&post=1593"}],"curies":[{"name":"wp","href":"https:\/\/api.w.org\/{rel}","templated":true}]}}