{"id":15947,"date":"2025-10-24T08:30:59","date_gmt":"2025-10-24T07:30:59","guid":{"rendered":"http:\/\/www.sportingcanal.com\/?p=15947"},"modified":"2025-10-24T12:46:36","modified_gmt":"2025-10-24T11:46:36","slug":"ricardo-oliveira-um-dos-grandes-responsaveis-pela-gloriosa-historia-do-tenis-de-mesa-leonino","status":"publish","type":"post","link":"https:\/\/www.sportingcanal.com\/?p=15947","title":{"rendered":"Ricardo Oliveira \u2013 Uma refer\u00eancia na Hist\u00f3ria do T\u00e9nis de Mesa sportinguista"},"content":{"rendered":"<p>Ricardo Filipe de Sousa Dias Macedo de Oliveira nasceu a 24 de Outubro de 1981 no Porto (S\u00e9). Come\u00e7ou a jogar T\u00e9nis de Mesa com 6 anos no FC Porto. A irm\u00e3 j\u00e1 l\u00e1 jogava, e quando ia l\u00e1 busc\u00e1-la com o pai ficava sempre a brincar com a raquete, de modo que foi relativamente natural que come\u00e7asse a jogar! Ali\u00e1s, j\u00e1 o seu pai jogava a n\u00edvel regional e tinha uma mesa em casa num anexo &#8211; de modo que o mais dif\u00edcil era o jovem Ricardo n\u00e3o come\u00e7ar a praticar tamb\u00e9m! Aos 10 anos ganhou o seu 1\u00ba titulo nacional individual &#8211; na categoria de iniciados, e aos 12 j\u00e1 era atleta de &#8220;percurso de alta competi\u00e7\u00e3o&#8221;.<\/p>\n<p>Por essa altura foi \u00e0s escolas de futebol do FC Porto, aos treinos de capta\u00e7\u00e3o. At\u00e9 ficou aprovado, mas as duas coisas que ret\u00e9m desse dia foi o facto de lhe roubarem as sapatilhas no balne\u00e1rio e de ter ficado com a impress\u00e3o que s\u00f3 quiseram ficar com ele por ser irm\u00e3o de quem era (Rui Jorge, futebolista do clube). Ficou ent\u00e3o decidido que o seu desporto era definitivamente o T\u00e9nis de Mesa!<\/p>\n<p>Tinha ainda 12 anos quando o Porto fechou a sec\u00e7\u00e3o da modalidade, e por isso foi para o Grupo Dram\u00e1tico do Monte Aventino (ali\u00e1s como quase todos os jogadores e treinadores que estavam no Porto), que ficava mesmo ao lado do est\u00e1dio das Antas.<\/p>\n<p>Dos 12 aos 19 anos ganhou t\u00edtulos nacionais em todas as classes, tanto individuais como pares e pares mistos, e foi sendo sempre atleta de sele\u00e7\u00e3o. O Monte Aventino era um clube muito simples, de bairro, mas com pessoas absolutamente devotas \u00e0 causa, e que faziam os seus atletas sentir-se muito especiais. Apesar de alguns convites, nunca teve a tenta\u00e7\u00e3o de sair durante esse espa\u00e7o de tempo.<\/p>\n<p>Mais tarde, j\u00e1 como s\u00e9nior, aos 19 anos, e porque o clube desceu de divis\u00e3o e precisava de continuar a evoluir, transitou para o Estrela da Amadora (um grande do T\u00e9nis de Mesa portugu\u00eas) onde estava o seu maior \u00eddolo nacional &#8211; Ricardo Roberto, e a verdade \u00e9 que por a\u00e7\u00e3o do treinador Virg\u00edlio Nascimento eram todos muito unidos, o que ajudou \u00e0 sua transi\u00e7\u00e3o para a capital todos os fins de semana para jogar &#8211; ficava regularmente em casa dos Apol\u00f3nias, e estava convicto de que tinha tomado a decis\u00e3o correta.<\/p>\n<p>Nesse ano foi campe\u00e3o nacional de individual de seniores, ao ganhar na final, precisamente, a Ricardo Roberto.<\/p>\n<p>No ano seguinte foi abordado pelo Sporting (e j\u00e1 n\u00e3o era a 1\u00aa vez), por Ad\u00e9rito Ribeiro, que o convenceu a trocar o grande Estrela da Amadora pelo colossal Sporting Clube de Portugal. Afirma que nunca ir\u00e1 esquecer as palavras de Pedro Miguel, que na altura lhe disse: &#8220;Podes jogar em todos os clubes, mas nenhum, alguma vez, vai chegar aos p\u00e9s do que \u00e9 seres jogador do Sporting&#8221;. Era aquilo que pensava ser o culminar de uma vida de T\u00e9nis de Mesa. Estava no maior clube da modalidade, um gigante Nacional, e com o seu irm\u00e3o na equipa de futebol. Sentia que estava tudo onde era suposto estar!<\/p>\n<p>Assim, Ricardo Oliveira chegou ao Sporting no in\u00edcio da temporada 2001\/02, e logo contribuiu para o triunfo na Superta\u00e7a (3-1, precisamente, ao Estrela da Amadora). Nessa 1\u00aa temporada de verde e branco foi logo campe\u00e3o nacional coletivo e tamb\u00e9m campe\u00e3o nacional de pares (ao lado de Jo\u00e3o Pedro Monteiro).<\/p>\n<p>Era o in\u00edcio dum longo e fant\u00e1stico percurso em Alvalade, que durou at\u00e9 2013. Nesse espa\u00e7o de tempo ganhou, a n\u00edvel coletivo, 6 Campeonatos Nacionais, 4 Ta\u00e7as de Portugal e 6 Superta\u00e7as &#8211; assumindo-se como o mais incontorn\u00e1vel atleta da modalidade do clube na 1\u00aa d\u00e9cada deste s\u00e9culo.<\/p>\n<p>A n\u00edvel individual foi 3 vezes campe\u00e3o nacional de pares \u2013 2002 e 2003 (com Jo\u00e3o Pedro Monteiro) e 2006 (com Ricardo Roberto).<\/p>\n<p>Assim, desde os 20 anos at\u00e9 aos 31 o Sporting foi a sua 2\u00aa casa, a sua 2\u00aa fam\u00edlia, e afirma que o Sporting \u00e9 um clube ao qual ficar\u00e1 para sempre agradecido por tudo o que lhe deu na vida! Nas suas pr\u00f3prias palavras: \u201cFiz-me Homem no Sporting, fiz amigos para a vida, e tive diretores (dos quais tenho de destacar o Sr. Miguel Almeida) que foram como meus pais!\u201d<\/p>\n<p>Entretanto licenciou-se na Faculdade de Arquitetura do Porto.<\/p>\n<div class=\"tweetthis\" style=\"text-align:left;\"><p> <a target=\"_blank\" rel=\"nofollow\" class=\"tt\" href=\"http:\/\/twitter.com\/home\/?status=Ricardo+Oliveira+%E2%80%93+Uma+refer%C3%AAncia+na+Hist%C3%B3ria+do+T%C3%A9nis+de+Mesa+sportinguista+https%3A%2F%2Fis.gd%2FmjBYtU\" title=\"Post to Twitter\"><img decoding=\"async\" class=\"nothumb\" src=\"http:\/\/www.sportingcanal.com\/wp-content\/plugins\/tweet-this\/icons\/en\/twitter\/tt-twitter6.png\" alt=\"Post to Twitter\" \/><\/a><\/p><\/div>","protected":false},"excerpt":{"rendered":"<p>Ricardo Filipe de Sousa Dias Macedo de Oliveira nasceu a 24 de Outubro de 1981 no Porto (S\u00e9). Come\u00e7ou a jogar T\u00e9nis de Mesa com 6 anos no FC Porto. A irm\u00e3 j\u00e1 l\u00e1 jogava, e quando ia l\u00e1 busc\u00e1-la com o pai ficava sempre a brincar com a raquete, de modo que foi relativamente [&hellip;]<\/p>\n","protected":false},"author":1,"featured_media":15950,"comment_status":"open","ping_status":"closed","sticky":false,"template":"","format":"standard","meta":{"_et_pb_use_builder":"","_et_pb_old_content":"","_et_gb_content_width":"","footnotes":""},"categories":[63],"tags":[38],"_links":{"self":[{"href":"https:\/\/www.sportingcanal.com\/index.php?rest_route=\/wp\/v2\/posts\/15947"}],"collection":[{"href":"https:\/\/www.sportingcanal.com\/index.php?rest_route=\/wp\/v2\/posts"}],"about":[{"href":"https:\/\/www.sportingcanal.com\/index.php?rest_route=\/wp\/v2\/types\/post"}],"author":[{"embeddable":true,"href":"https:\/\/www.sportingcanal.com\/index.php?rest_route=\/wp\/v2\/users\/1"}],"replies":[{"embeddable":true,"href":"https:\/\/www.sportingcanal.com\/index.php?rest_route=%2Fwp%2Fv2%2Fcomments&post=15947"}],"version-history":[{"count":25,"href":"https:\/\/www.sportingcanal.com\/index.php?rest_route=\/wp\/v2\/posts\/15947\/revisions"}],"predecessor-version":[{"id":39159,"href":"https:\/\/www.sportingcanal.com\/index.php?rest_route=\/wp\/v2\/posts\/15947\/revisions\/39159"}],"wp:featuredmedia":[{"embeddable":true,"href":"https:\/\/www.sportingcanal.com\/index.php?rest_route=\/wp\/v2\/media\/15950"}],"wp:attachment":[{"href":"https:\/\/www.sportingcanal.com\/index.php?rest_route=%2Fwp%2Fv2%2Fmedia&parent=15947"}],"wp:term":[{"taxonomy":"category","embeddable":true,"href":"https:\/\/www.sportingcanal.com\/index.php?rest_route=%2Fwp%2Fv2%2Fcategories&post=15947"},{"taxonomy":"post_tag","embeddable":true,"href":"https:\/\/www.sportingcanal.com\/index.php?rest_route=%2Fwp%2Fv2%2Ftags&post=15947"}],"curies":[{"name":"wp","href":"https:\/\/api.w.org\/{rel}","templated":true}]}}