{"id":1604,"date":"2025-11-14T08:00:13","date_gmt":"2025-11-14T07:00:13","guid":{"rendered":"http:\/\/www.sportingcanal.com\/?p=1604"},"modified":"2025-11-14T12:05:35","modified_gmt":"2025-11-14T11:05:35","slug":"ricardo-andorinho-andebolista-de-craveira-internacional","status":"publish","type":"post","link":"https:\/\/www.sportingcanal.com\/?p=1604","title":{"rendered":"Ricardo Andorinho"},"content":{"rendered":"<p>Ricardo Jos\u00e9 da Costa Andorinho nasceu a 14 de Novembro de 1976 em \u00c9vora.\u00a0Come\u00e7ou a jogar Andebol no \u00c9vora Andebol Clube, mas chegou muito cedo ao Sporting (1994), com apenas 17 anos.<\/p>\n<p>Em Alvalade, alinhando normalmente na posi\u00e7\u00e3o de ponta-esquerda, tornou-se um dos melhores andebolistas portugueses de sempre, vivendo momentos de consagra\u00e7\u00e3o tanto a n\u00edvel individual como coletivo.<\/p>\n<p>Em 2000 foi distinguido com o\u00a0Pr\u00e9mio Stromp na categoria Atleta.<\/p>\n<p>No Sporting ganhou 1 Campeonato Nacional (2001), 4 Ta\u00e7as de Portugal (1998, 2001, 2003 e 2004) e duas Superta\u00e7as (1998 e 2002).<\/p>\n<p>No final da temporada 2003\/04 o Andebol leonino sofreu uma grande reestrutura\u00e7\u00e3o com forte conten\u00e7\u00e3o or\u00e7amental, o que o \u201cobrigou\u201d a deixar o clube \u201cdo seu cora\u00e7\u00e3o\u201d e aventurar-se em Espanha.\u00a0A sua despedida ocorreu na final da Ta\u00e7a de Portugal ganha ao Belenenses (Junho de 2004), em Castelo Branco, por 29-23. Andorinho fez 7 golos e afirmou no final: \u201cSou sportinguista de alma e cora\u00e7\u00e3o, servi o clube durante 10 anos e saio sobretudo pela quest\u00e3o desportiva\u201d.<\/p>\n<p>Depois, numa das melhores equipas mundiais &#8211; \u00a0Portland San Antonio, teve grande sucesso. No entanto, uma les\u00e3o grav\u00edssima contra\u00edda numa partida frente ao FC Barcelona em 2008 levou-o a abandonar a alta competi\u00e7\u00e3o prematuramente&#8230;\u00a0Foi internacional portugu\u00eas por 155 vezes, marcando 528 golos.<\/p>\n<p>Abra\u00e7ou, entretanto, o mundo empresarial ap\u00f3s concluir diversas forma\u00e7\u00f5es de elevado grau em Marketing e Novas Tecnologias.<\/p>\n<p>Teve tamb\u00e9m fun\u00e7\u00f5es da Federa\u00e7\u00e3o Portuguesa de Andebol como vice-presidente.<\/p>\n<p>Em 2018 foi um dos homens fortes da candidatura (2\u00aa classificada) de Jo\u00e3o Benedito \u00e0 presid\u00eancia do Sporting.<\/p>\n<div class=\"tweetthis\" style=\"text-align:left;\"><p> <a target=\"_blank\" rel=\"nofollow\" class=\"tt\" href=\"http:\/\/twitter.com\/home\/?status=Ricardo+Andorinho+https%3A%2F%2Fis.gd%2Fsmlmwq\" title=\"Post to Twitter\"><img decoding=\"async\" class=\"nothumb\" src=\"http:\/\/www.sportingcanal.com\/wp-content\/plugins\/tweet-this\/icons\/en\/twitter\/tt-twitter6.png\" alt=\"Post to Twitter\" \/><\/a><\/p><\/div>","protected":false},"excerpt":{"rendered":"<p>Ricardo Jos\u00e9 da Costa Andorinho nasceu a 14 de Novembro de 1976 em \u00c9vora.\u00a0Come\u00e7ou a jogar Andebol no \u00c9vora Andebol Clube, mas chegou muito cedo ao Sporting (1994), com apenas 17 anos. Em Alvalade, alinhando normalmente na posi\u00e7\u00e3o de ponta-esquerda, tornou-se um dos melhores andebolistas portugueses de sempre, vivendo momentos de consagra\u00e7\u00e3o tanto a n\u00edvel [&hellip;]<\/p>\n","protected":false},"author":1,"featured_media":1605,"comment_status":"open","ping_status":"open","sticky":false,"template":"","format":"standard","meta":{"_et_pb_use_builder":"","_et_pb_old_content":"","_et_gb_content_width":"","footnotes":""},"categories":[13],"tags":[19],"_links":{"self":[{"href":"https:\/\/www.sportingcanal.com\/index.php?rest_route=\/wp\/v2\/posts\/1604"}],"collection":[{"href":"https:\/\/www.sportingcanal.com\/index.php?rest_route=\/wp\/v2\/posts"}],"about":[{"href":"https:\/\/www.sportingcanal.com\/index.php?rest_route=\/wp\/v2\/types\/post"}],"author":[{"embeddable":true,"href":"https:\/\/www.sportingcanal.com\/index.php?rest_route=\/wp\/v2\/users\/1"}],"replies":[{"embeddable":true,"href":"https:\/\/www.sportingcanal.com\/index.php?rest_route=%2Fwp%2Fv2%2Fcomments&post=1604"}],"version-history":[{"count":25,"href":"https:\/\/www.sportingcanal.com\/index.php?rest_route=\/wp\/v2\/posts\/1604\/revisions"}],"predecessor-version":[{"id":39262,"href":"https:\/\/www.sportingcanal.com\/index.php?rest_route=\/wp\/v2\/posts\/1604\/revisions\/39262"}],"wp:featuredmedia":[{"embeddable":true,"href":"https:\/\/www.sportingcanal.com\/index.php?rest_route=\/wp\/v2\/media\/1605"}],"wp:attachment":[{"href":"https:\/\/www.sportingcanal.com\/index.php?rest_route=%2Fwp%2Fv2%2Fmedia&parent=1604"}],"wp:term":[{"taxonomy":"category","embeddable":true,"href":"https:\/\/www.sportingcanal.com\/index.php?rest_route=%2Fwp%2Fv2%2Fcategories&post=1604"},{"taxonomy":"post_tag","embeddable":true,"href":"https:\/\/www.sportingcanal.com\/index.php?rest_route=%2Fwp%2Fv2%2Ftags&post=1604"}],"curies":[{"name":"wp","href":"https:\/\/api.w.org\/{rel}","templated":true}]}}