{"id":1649,"date":"2026-01-27T08:30:01","date_gmt":"2026-01-27T07:30:01","guid":{"rendered":"http:\/\/www.sportingcanal.com\/?p=1649"},"modified":"2026-01-27T14:00:18","modified_gmt":"2026-01-27T13:00:18","slug":"zezinho-um-central-com-boa-estampa-fisica","status":"publish","type":"post","link":"https:\/\/www.sportingcanal.com\/?p=1649","title":{"rendered":"Zezinho"},"content":{"rendered":"<p>Francisco Jos\u00e9 Teles de Andrade nasceu a 27 de Janeiro de 1955 em Lubango (antiga S\u00e1 da Bandeira) \u2013 Angola.\u00a0Chegou ao Sporting ainda para os juniores e estreou-se oficialmente pela equipa principal a 8 de Setembro de 1974 na 1\u00aa jornada do Campeonato num Olhanense-Sporting (1-0). Nessa 1\u00aa temporada teve apenas 4 presen\u00e7as.<\/p>\n<p>No ano seguinte, sob o comando de Juca, come\u00e7ou a ser mais utilizado (18 jogos), mas em 1976\/77, com Jimmy Hagan, voltou a alinhar muito pouco (8 presen\u00e7as) sendo ent\u00e3o emprestado ao Famalic\u00e3o. Pelo Minho (onde esteve muito bem) ficou apenas 1 ano, regressando a Alvalade.<\/p>\n<p>Em 1979\/80 sagrou-se pela 1\u00aa vez campe\u00e3o nacional (alinhou em 10 jogos). A 27 de Janeiro de 1980 marcou o 1\u00ba golo, num Sporting-Belenenses (2-0) para o Campeonato.\u00a0J\u00e1 jogara pouco na \u00e9poca anterior e o mesmo aconteceu nas duas seguintes (uma delas, 1982, com a conquista do Campeonato e da Ta\u00e7a de Portugal), mas em 1982\/83 (sob o comando de Ant\u00f3nio Oliveira) conquistou finalmente a titularidade (35 jogos) no centro da defesa e ajudou \u00e0 vit\u00f3ria da 1\u00aa Superta\u00e7a para o Sporting. No ano seguinte voltou a jogar com regularidade (38 jogos &#8211; fazendo dupla com Virg\u00edlio). 1984\/85 foi a \u00faltima \u00e9poca em que vestiu de verde e branco. Orientado por John Toshack realizou apenas 8 partidas.<\/p>\n<p>A sua \u00faltima presen\u00e7a pelos le\u00f5es aconteceu a 18 Novembro de 1984 e foi num jogo memor\u00e1vel no qual o Sporting goleou o Braga por 8-1 em Alvalade.<\/p>\n<p>Foi um defesa central que prometeu muito (chegou a ser v\u00e1rias vezes internacional \u201cesperan\u00e7a\u201d) pela sua boa estampa f\u00edsica e t\u00e9cnica razo\u00e1vel, mas acabou por n\u00e3o chegar a internacional A, conseguindo, ainda assim, um percurso muito merit\u00f3rio.\u00a0No total esteve 10 \u00e9pocas no Sporting alinhando em 148 partidas oficiais com 3 golos marcados. Ganhou 2 Campeonatos Nacionais, uma Ta\u00e7a de Portugal e uma Superta\u00e7a.<\/p>\n<p>Depois andou pelo Vit\u00f3ria de Set\u00fabal (reencontrando Malcolm Allison e antigos companheiros como Eurico, Manuel Fernandes ou Jord\u00e3o) onde ainda fez 4 boas temporadas.\u00a0Mais tarde foi treinador das camadas jovens do Sporting, num percurso onde se destacou a conquista do Campeonato Nacional de juvenis em 1998\/99.<\/p>\n<div class=\"tweetthis\" style=\"text-align:left;\"><p> <a target=\"_blank\" rel=\"nofollow\" class=\"tt\" href=\"http:\/\/twitter.com\/home\/?status=Zezinho+https%3A%2F%2Fis.gd%2FND6gFy\" title=\"Post to Twitter\"><img decoding=\"async\" class=\"nothumb\" src=\"http:\/\/www.sportingcanal.com\/wp-content\/plugins\/tweet-this\/icons\/en\/twitter\/tt-twitter6.png\" alt=\"Post to Twitter\" \/><\/a><\/p><\/div>","protected":false},"excerpt":{"rendered":"<p>Francisco Jos\u00e9 Teles de Andrade nasceu a 27 de Janeiro de 1955 em Lubango (antiga S\u00e1 da Bandeira) \u2013 Angola.\u00a0Chegou ao Sporting ainda para os juniores e estreou-se oficialmente pela equipa principal a 8 de Setembro de 1974 na 1\u00aa jornada do Campeonato num Olhanense-Sporting (1-0). Nessa 1\u00aa temporada teve apenas 4 presen\u00e7as. No ano [&hellip;]<\/p>\n","protected":false},"author":1,"featured_media":1650,"comment_status":"open","ping_status":"open","sticky":false,"template":"","format":"standard","meta":{"_et_pb_use_builder":"","_et_pb_old_content":"","_et_gb_content_width":"","footnotes":""},"categories":[13],"tags":[65,8],"_links":{"self":[{"href":"https:\/\/www.sportingcanal.com\/index.php?rest_route=\/wp\/v2\/posts\/1649"}],"collection":[{"href":"https:\/\/www.sportingcanal.com\/index.php?rest_route=\/wp\/v2\/posts"}],"about":[{"href":"https:\/\/www.sportingcanal.com\/index.php?rest_route=\/wp\/v2\/types\/post"}],"author":[{"embeddable":true,"href":"https:\/\/www.sportingcanal.com\/index.php?rest_route=\/wp\/v2\/users\/1"}],"replies":[{"embeddable":true,"href":"https:\/\/www.sportingcanal.com\/index.php?rest_route=%2Fwp%2Fv2%2Fcomments&post=1649"}],"version-history":[{"count":24,"href":"https:\/\/www.sportingcanal.com\/index.php?rest_route=\/wp\/v2\/posts\/1649\/revisions"}],"predecessor-version":[{"id":39568,"href":"https:\/\/www.sportingcanal.com\/index.php?rest_route=\/wp\/v2\/posts\/1649\/revisions\/39568"}],"wp:featuredmedia":[{"embeddable":true,"href":"https:\/\/www.sportingcanal.com\/index.php?rest_route=\/wp\/v2\/media\/1650"}],"wp:attachment":[{"href":"https:\/\/www.sportingcanal.com\/index.php?rest_route=%2Fwp%2Fv2%2Fmedia&parent=1649"}],"wp:term":[{"taxonomy":"category","embeddable":true,"href":"https:\/\/www.sportingcanal.com\/index.php?rest_route=%2Fwp%2Fv2%2Fcategories&post=1649"},{"taxonomy":"post_tag","embeddable":true,"href":"https:\/\/www.sportingcanal.com\/index.php?rest_route=%2Fwp%2Fv2%2Ftags&post=1649"}],"curies":[{"name":"wp","href":"https:\/\/api.w.org\/{rel}","templated":true}]}}