{"id":16721,"date":"2026-03-02T11:00:31","date_gmt":"2026-03-02T10:00:31","guid":{"rendered":"http:\/\/www.sportingcanal.com\/?p=16721"},"modified":"2026-03-02T11:08:11","modified_gmt":"2026-03-02T10:08:11","slug":"atletismo-campeas-nacionais-de-crosse-longo-40-anos-depois","status":"publish","type":"post","link":"https:\/\/www.sportingcanal.com\/?p=16721","title":{"rendered":"2014 \u2013 Campe\u00e3s Nacionais de Crosse longo, 40 anos depois!"},"content":{"rendered":"<p>2 de Mar\u00e7o de 2014. A equipa de Crosse feminino do Sporting quebrou um jejum de 40 anos(!) ao sagrar-se campe\u00e3 nacional de crosse (agora chamado longo) &#8211; 4\u00ba t\u00edtulo da sua Hist\u00f3ria &#8211; em Pombal, com m\u00e1s condi\u00e7\u00f5es climat\u00e9ricas e de terreno.<\/p>\n<p>Apesar do 1\u00ba lugar ter sido alcan\u00e7ado por Dulce F\u00e9lix, o Sporting dominou no coletivo com Salom\u00e9 Rocha a ser 2\u00aa classificada, cedendo o 1\u00ba lugar por apenas 4 segundos. Catarina Ribeiro foi 3\u00aa classificada (1\u00aa em sub-23) e Erc\u00edlia Machado foi 5\u00aa. Assim, por equipas, o Sporting somou 23 pontos, contra 47 do Benfica &#8211; que foi 2\u00ba classificado.<\/p>\n<p>Manuel Dami\u00e3o sagrou-se Campe\u00e3o Nacional na prova masculina. O atleta leonino alcan\u00e7ou o 1\u00ba lugar com uma diferen\u00e7a de 30 segundos em rela\u00e7\u00e3o ao 2\u00ba classificado, e arrecadou o t\u00edtulo pela 3\u00aa vez consecutiva.<\/p>\n<p>O coletivo masculino, sem poder contar com Rui Silva e Ant\u00f3nio Silva, foi 2\u00ba classificado, alcan\u00e7ando 36 pontos, contra os 20 que o Benfica somou e que lhe permitiu sair vencedor.<\/p>\n<div class=\"tweetthis\" style=\"text-align:left;\"><p> <a target=\"_blank\" rel=\"nofollow\" class=\"tt\" href=\"http:\/\/twitter.com\/home\/?status=2014+%E2%80%93+Campe%C3%A3s+Nacionais+de+Crosse+longo%2C+40+anos+depois%21+https%3A%2F%2Fis.gd%2FcJptd2\" title=\"Post to Twitter\"><img decoding=\"async\" class=\"nothumb\" src=\"http:\/\/www.sportingcanal.com\/wp-content\/plugins\/tweet-this\/icons\/en\/twitter\/tt-twitter6.png\" alt=\"Post to Twitter\" \/><\/a><\/p><\/div>","protected":false},"excerpt":{"rendered":"<p>2 de Mar\u00e7o de 2014. A equipa de Crosse feminino do Sporting quebrou um jejum de 40 anos(!) ao sagrar-se campe\u00e3 nacional de crosse (agora chamado longo) &#8211; 4\u00ba t\u00edtulo da sua Hist\u00f3ria &#8211; em Pombal, com m\u00e1s condi\u00e7\u00f5es climat\u00e9ricas e de terreno. Apesar do 1\u00ba lugar ter sido alcan\u00e7ado por Dulce F\u00e9lix, o Sporting [&hellip;]<\/p>\n","protected":false},"author":1,"featured_media":16722,"comment_status":"open","ping_status":"closed","sticky":false,"template":"","format":"standard","meta":{"_et_pb_use_builder":"","_et_pb_old_content":"","_et_gb_content_width":"","footnotes":""},"categories":[17],"tags":[21,22],"_links":{"self":[{"href":"https:\/\/www.sportingcanal.com\/index.php?rest_route=\/wp\/v2\/posts\/16721"}],"collection":[{"href":"https:\/\/www.sportingcanal.com\/index.php?rest_route=\/wp\/v2\/posts"}],"about":[{"href":"https:\/\/www.sportingcanal.com\/index.php?rest_route=\/wp\/v2\/types\/post"}],"author":[{"embeddable":true,"href":"https:\/\/www.sportingcanal.com\/index.php?rest_route=\/wp\/v2\/users\/1"}],"replies":[{"embeddable":true,"href":"https:\/\/www.sportingcanal.com\/index.php?rest_route=%2Fwp%2Fv2%2Fcomments&post=16721"}],"version-history":[{"count":14,"href":"https:\/\/www.sportingcanal.com\/index.php?rest_route=\/wp\/v2\/posts\/16721\/revisions"}],"predecessor-version":[{"id":39741,"href":"https:\/\/www.sportingcanal.com\/index.php?rest_route=\/wp\/v2\/posts\/16721\/revisions\/39741"}],"wp:featuredmedia":[{"embeddable":true,"href":"https:\/\/www.sportingcanal.com\/index.php?rest_route=\/wp\/v2\/media\/16722"}],"wp:attachment":[{"href":"https:\/\/www.sportingcanal.com\/index.php?rest_route=%2Fwp%2Fv2%2Fmedia&parent=16721"}],"wp:term":[{"taxonomy":"category","embeddable":true,"href":"https:\/\/www.sportingcanal.com\/index.php?rest_route=%2Fwp%2Fv2%2Fcategories&post=16721"},{"taxonomy":"post_tag","embeddable":true,"href":"https:\/\/www.sportingcanal.com\/index.php?rest_route=%2Fwp%2Fv2%2Ftags&post=16721"}],"curies":[{"name":"wp","href":"https:\/\/api.w.org\/{rel}","templated":true}]}}